{"id":6902,"date":"2026-03-17T18:09:51","date_gmt":"2026-03-17T15:09:51","guid":{"rendered":"https:\/\/www.aosemploi.com\/WebSite\/?p=6902"},"modified":"2026-03-17T18:14:40","modified_gmt":"2026-03-17T15:14:40","slug":"%d9%84%d8%a7%d8%a6%d8%ad%d8%a9-%d8%a7%d8%b9%d8%b6%d8%a7%d8%a1-%d8%a7%d9%84%d8%ac%d9%85%d8%b9%d9%8a%d8%a9-%d8%a8%d8%b1%d8%b3%d9%85-%d8%b3%d9%86%d8%a9-2026","status":"publish","type":"post","link":"https:\/\/www.aosemploi.com\/WebSite\/%d9%84%d8%a7%d8%a6%d8%ad%d8%a9-%d8%a7%d8%b9%d8%b6%d8%a7%d8%a1-%d8%a7%d9%84%d8%ac%d9%85%d8%b9%d9%8a%d8%a9-%d8%a8%d8%b1%d8%b3%d9%85-%d8%b3%d9%86%d8%a9-2026\/","title":{"rendered":"\u0644\u0627\u0626\u062d\u0629 \u0627\u0639\u0636\u0627\u0621 \u0627\u0644\u062c\u0645\u0639\u064a\u0629 \u0628\u0631\u0633\u0645 \u0633\u0646\u0629 2026"},"content":{"rendered":"\n<p><strong>\u064a\u0633\u0639\u062f \u0645\u0643\u062a\u0628 \u0627\u0644\u062c\u0645\u0639\u064a\u0629 \u0623\u0646 \u064a\u0646\u0634\u0631\u060c \u0631\u0641\u0642\u062a\u0647\u060c \u0644\u0627\u0626\u062d\u0629 \u0623\u0639\u0636\u0627\u0626\u0647\u0627 \u0627\u0644\u0645\u0633\u062a\u0648\u0641\u064a\u0646 \u0644\u0634\u0631\u0637 \u0627\u0644\u0627\u0646\u062e\u0631\u0627\u0637 \u0628\u0647\u0627 \u0639\u0646 \u0633\u0646\u0629  2026<\/strong><\/p>\n\n\n\n<table id=\"tablepress-23\" class=\"tablepress tablepress-id-23\">\n<thead>\n<tr class=\"row-1\">\n\t<td class=\"column-1\"><\/td><td class=\"column-2\"><\/td><td class=\"column-3\"><\/td><td class=\"column-4\"><\/td><td class=\"column-5\"><\/td>\n<\/tr>\n<\/thead>\n<tbody class=\"row-striping row-hover\">\n<tr class=\"row-2\">\n\t<td class=\"column-1\"><\/td><td class=\"column-2\"><\/td><td class=\"column-3\"><\/td><td class=\"column-4\"><\/td><td class=\"column-5\"><\/td>\n<\/tr>\n<tr class=\"row-3\">\n\t<td class=\"column-1\"><\/td><td class=\"column-2\"><\/td><td class=\"column-3\"><\/td><td class=\"column-4\"><\/td><td class=\"column-5\"><\/td>\n<\/tr>\n<tr class=\"row-4\">\n\t<td class=\"column-1\"><\/td><td class=\"column-2\"><\/td><td class=\"column-3\"><\/td><td class=\"column-4\"><\/td><td class=\"column-5\"><\/td>\n<\/tr>\n<tr class=\"row-5\">\n\t<td class=\"column-1\"><\/td><td class=\"column-2\"><\/td><td class=\"column-3\"><strong>N\u00b0ordre<\/strong><\/td><td class=\"column-4\"><strong>Nom et Prenom<\/strong><\/td><td class=\"column-5\"><strong>Direction<\/strong><\/td>\n<\/tr>\n<tr class=\"row-6\">\n\t<td class=\"column-1\"><\/td><td class=\"column-2\"><\/td><td class=\"column-3\"><strong>1<\/strong><\/td><td class=\"column-4\">AASRI BASMA<\/td><td class=\"column-5\">Direction Provinciale de l Emploi et des Aff. soc. \u00e0 la Prov. de Khemisset<\/td>\n<\/tr>\n<tr class=\"row-7\">\n\t<td class=\"column-1\"><\/td><td class=\"column-2\"><\/td><td class=\"column-3\"><strong>2<\/strong><\/td><td class=\"column-4\">ABAAZZI LAHOUCINE<\/td><td class=\"column-5\">Direction Provinciale de l Emploi et des Aff. soc. \u00e0 la Prov. de Tiznit<\/td>\n<\/tr>\n<tr class=\"row-8\">\n\t<td class=\"column-1\"><\/td><td class=\"column-2\"><\/td><td class=\"column-3\"><strong>3<\/strong><\/td><td class=\"column-4\">ABANAI YASSINE<\/td><td class=\"column-5\">DIRECTION DES RESSOURCES HUMAINES,BUDGET ET AFF GENERALES<\/td>\n<\/tr>\n<tr class=\"row-9\">\n\t<td class=\"column-1\"><\/td><td class=\"column-2\"><\/td><td class=\"column-3\"><strong>4<\/strong><\/td><td class=\"column-4\">ABARAR AICHA<\/td><td class=\"column-5\">Direction Prov. de l\u2019Emp. et des Aff. Soc. \u00e0 la Pr\u00e9fec. Arrond. Fida-MersSultan<\/td>\n<\/tr>\n<tr class=\"row-10\">\n\t<td class=\"column-1\"><\/td><td class=\"column-2\"><\/td><td class=\"column-3\"><strong>5<\/strong><\/td><td class=\"column-4\">ABARAR KHADIJA<\/td><td class=\"column-5\">Direction Provinciale de l Emploi et des Aff. soc. \u00e0 la Prov. d\u2019Ouarzazate<\/td>\n<\/tr>\n<tr class=\"row-11\">\n\t<td class=\"column-1\"><\/td><td class=\"column-2\"><\/td><td class=\"column-3\"><strong>6<\/strong><\/td><td class=\"column-4\">ABAZINE KHADIJA<\/td><td class=\"column-5\">Direction R\u00e9gionale de l\u2019emploi et des Affaires Sociales Agadir<\/td>\n<\/tr>\n<tr class=\"row-12\">\n\t<td class=\"column-1\"><\/td><td class=\"column-2\"><\/td><td class=\"column-3\"><strong>7<\/strong><\/td><td class=\"column-4\">ABBAH HADDIA<\/td><td class=\"column-5\">Direction R\u00e9gionale de l Emploi et des Affaires Sociales Laayoune<\/td>\n<\/tr>\n<tr class=\"row-13\">\n\t<td class=\"column-1\"><\/td><td class=\"column-2\"><\/td><td class=\"column-3\"><strong>8<\/strong><\/td><td class=\"column-4\">ABDELLAOUI RIDA ALLAH<\/td><td class=\"column-5\">Direction R\u00e9gionale de l Emploi et des Affaires Sociales Marrakech<\/td>\n<\/tr>\n<tr class=\"row-14\">\n\t<td class=\"column-1\"><\/td><td class=\"column-2\"><\/td><td class=\"column-3\"><strong>9<\/strong><\/td><td class=\"column-4\">ABDERRASSOUL ZAKARIA<\/td><td class=\"column-5\">Direction Regionale de l emploi et des Affaires Sociales Fes<\/td>\n<\/tr>\n<tr class=\"row-15\">\n\t<td class=\"column-1\"><\/td><td class=\"column-2\"><\/td><td class=\"column-3\"><strong>10<\/strong><\/td><td class=\"column-4\">ABERDANE NAJAT<\/td><td class=\"column-5\">DELEGATION PROVINCIALE SIDI SLIMANE<\/td>\n<\/tr>\n<tr class=\"row-16\">\n\t<td class=\"column-1\"><\/td><td class=\"column-2\"><\/td><td class=\"column-3\"><strong>11<\/strong><\/td><td class=\"column-4\">ABERKI EL HASSAN<\/td><td class=\"column-5\">Direction Provinciale de l Emploi et des Aff. soc. \u00e0 la Prov. de Nador<\/td>\n<\/tr>\n<tr class=\"row-17\">\n\t<td class=\"column-1\"><\/td><td class=\"column-2\"><\/td><td class=\"column-3\"><strong>12<\/strong><\/td><td class=\"column-4\">ABERRAK SAFIA<\/td><td class=\"column-5\">Direction Prov. de l\u2019Emp. et des Aff. Soc. \u00e0 la Pr\u00e9fec. Arrond. SidiBernoussi<\/td>\n<\/tr>\n<tr class=\"row-18\">\n\t<td class=\"column-1\"><\/td><td class=\"column-2\"><\/td><td class=\"column-3\"><strong>13<\/strong><\/td><td class=\"column-4\">ABID ABD-EL AZZIZ<\/td><td class=\"column-5\">Direction Provinciale de l Emploi et des Aff. Soc. \u00e0 la Pr\u00e9fect. de Sal\u00e9<\/td>\n<\/tr>\n<tr class=\"row-19\">\n\t<td class=\"column-1\"><\/td><td class=\"column-2\"><\/td><td class=\"column-3\"><strong>14<\/strong><\/td><td class=\"column-4\">ABIDAR BRAHIM<\/td><td class=\"column-5\">DIRECTION DE l Emploi<\/td>\n<\/tr>\n<tr class=\"row-20\">\n\t<td class=\"column-1\"><\/td><td class=\"column-2\"><\/td><td class=\"column-3\"><strong>15<\/strong><\/td><td class=\"column-4\">ABOU DAHAB OMAR<\/td><td class=\"column-5\">Direction Provinciale de l Emploi et des Aff. soc. \u00e0 la Prov. de Taroudant<\/td>\n<\/tr>\n<tr class=\"row-21\">\n\t<td class=\"column-1\"><\/td><td class=\"column-2\"><\/td><td class=\"column-3\"><strong>16<\/strong><\/td><td class=\"column-4\">ABOU EL HASSANE ABDELLATIF<\/td><td class=\"column-5\">Direction Provinciale de l Emploi et des Affaires Sociales \u00e0 Dakhla<\/td>\n<\/tr>\n<tr class=\"row-22\">\n\t<td class=\"column-1\"><\/td><td class=\"column-2\"><\/td><td class=\"column-3\"><strong>17<\/strong><\/td><td class=\"column-4\">ABOU EL KARAM EL MEKKI<\/td><td class=\"column-5\">Direction Provinciale de l Emploi et des Aff. Soc. \u00e0 la Pr\u00e9fect. de Mohammedia<\/td>\n<\/tr>\n<tr class=\"row-23\">\n\t<td class=\"column-1\"><\/td><td class=\"column-2\"><\/td><td class=\"column-3\"><strong>18<\/strong><\/td><td class=\"column-4\">ABOUELFETH EL MEHDI<\/td><td class=\"column-5\">Direction R\u00e9gionale de l\u2019emploi et des Affaires Sociales Laayoune<\/td>\n<\/tr>\n<tr class=\"row-24\">\n\t<td class=\"column-1\"><\/td><td class=\"column-2\"><\/td><td class=\"column-3\"><strong>19<\/strong><\/td><td class=\"column-4\">ABOUKADIR MOHAMED<\/td><td class=\"column-5\">Direction Provinciale de l Emploi et des Aff. soc. \u00e0 la Prov. de Tiznit<\/td>\n<\/tr>\n<tr class=\"row-25\">\n\t<td class=\"column-1\"><\/td><td class=\"column-2\"><\/td><td class=\"column-3\"><strong>20<\/strong><\/td><td class=\"column-4\">ABOUOUBAIDA RAJAA<\/td><td class=\"column-5\">DIRECTION DE l Emploi<\/td>\n<\/tr>\n<tr class=\"row-26\">\n\t<td class=\"column-1\"><\/td><td class=\"column-2\"><\/td><td class=\"column-3\"><strong>21<\/strong><\/td><td class=\"column-4\">ABOURRI HAMZA<\/td><td class=\"column-5\">Direction Provinciale de l Emploi et des Aff. soc. \u00e0 la Prov. d\u2019Errachidia<\/td>\n<\/tr>\n<tr class=\"row-27\">\n\t<td class=\"column-1\"><\/td><td class=\"column-2\"><\/td><td class=\"column-3\"><strong>22<\/strong><\/td><td class=\"column-4\">ABOUSSAD BRAHIM<\/td><td class=\"column-5\">Direction Prov. de l\u2019Emp. et des Aff. Soc. \u00e0 la Pr\u00e9fec. Arrond. Nouaceur<\/td>\n<\/tr>\n<tr class=\"row-28\">\n\t<td class=\"column-1\"><\/td><td class=\"column-2\"><\/td><td class=\"column-3\"><strong>23<\/strong><\/td><td class=\"column-4\">ABOUTALIB FATIMA-ZOHRA<\/td><td class=\"column-5\">Direction R\u00e9gionale de l Emploi et des Affaires Sociales Rabat<\/td>\n<\/tr>\n<tr class=\"row-29\">\n\t<td class=\"column-1\"><\/td><td class=\"column-2\"><\/td><td class=\"column-3\"><strong>24<\/strong><\/td><td class=\"column-4\">ABOUTALIB MERYEME<\/td><td class=\"column-5\">DIRECTION DU TRAVAIL<\/td>\n<\/tr>\n<tr class=\"row-30\">\n\t<td class=\"column-1\"><\/td><td class=\"column-2\"><\/td><td class=\"column-3\"><strong>25<\/strong><\/td><td class=\"column-4\">ABOUZIT YOUNESS<\/td><td class=\"column-5\">DIRECTION DES RESSOURCES HUMAINES,BUDGET ET AFF GENERALES<\/td>\n<\/tr>\n<tr class=\"row-31\">\n\t<td class=\"column-1\"><\/td><td class=\"column-2\"><\/td><td class=\"column-3\"><strong>26<\/strong><\/td><td class=\"column-4\">ACHAACH MILOUD<\/td><td class=\"column-5\">Direction R\u00e9gionale de l Emploi et des Affaires Sociales F\u00e8s<\/td>\n<\/tr>\n<tr class=\"row-32\">\n\t<td class=\"column-1\"><\/td><td class=\"column-2\"><\/td><td class=\"column-3\"><strong>27<\/strong><\/td><td class=\"column-4\">ACHAHBAR ANASS<\/td><td class=\"column-5\">Direction Provinciale de l\u2019Emploi et des Aff. Soc. \u00e0 la Pr\u00e9fect. de Mekn\u00e8s<\/td>\n<\/tr>\n<tr class=\"row-33\">\n\t<td class=\"column-1\"><\/td><td class=\"column-2\"><\/td><td class=\"column-3\"><strong>28<\/strong><\/td><td class=\"column-4\">ACHEHAL ABDELLATIF<\/td><td class=\"column-5\">Direction Provinciale de l\u2019Emploi et des Aff. soc. \u00e0 la Prov. de ChtoukaAitBaha<\/td>\n<\/tr>\n<tr class=\"row-34\">\n\t<td class=\"column-1\"><\/td><td class=\"column-2\"><\/td><td class=\"column-3\"><strong>29<\/strong><\/td><td class=\"column-4\">ACHIBA ADIL<\/td><td class=\"column-5\">Direction Prov. de l\u2019Emp. et des Aff. Soc. \u00e0 la Pr\u00e9fec. Arrond. Fida-MersSultan<\/td>\n<\/tr>\n<tr class=\"row-35\">\n\t<td class=\"column-1\"><\/td><td class=\"column-2\"><\/td><td class=\"column-3\"><strong>30<\/strong><\/td><td class=\"column-4\">ADALDUCH SAIDA<\/td><td class=\"column-5\">RABAT<\/td>\n<\/tr>\n<tr class=\"row-36\">\n\t<td class=\"column-1\"><\/td><td class=\"column-2\"><\/td><td class=\"column-3\"><strong>31<\/strong><\/td><td class=\"column-4\">ADIB JALAL<\/td><td class=\"column-5\">Direction R\u00e9gionale de l Emploi et des Affaires Sociales Rabat<\/td>\n<\/tr>\n<tr class=\"row-37\">\n\t<td class=\"column-1\"><\/td><td class=\"column-2\"><\/td><td class=\"column-3\"><strong>32<\/strong><\/td><td class=\"column-4\">ADMI SALIMA<\/td><td class=\"column-5\">DIRECTION DES RESSOURCES HUMAINES,BUDGET ET AFF GENERALES<\/td>\n<\/tr>\n<tr class=\"row-38\">\n\t<td class=\"column-1\"><\/td><td class=\"column-2\"><\/td><td class=\"column-3\"><strong>33<\/strong><\/td><td class=\"column-4\">AFAINO RAJAE<\/td><td class=\"column-5\">Direction de l\u2019Observatoire National du March\u00e9 du Travail<\/td>\n<\/tr>\n<tr class=\"row-39\">\n\t<td class=\"column-1\"><\/td><td class=\"column-2\"><\/td><td class=\"column-3\"><strong>34<\/strong><\/td><td class=\"column-4\">AFELLAT MERIEM<\/td><td class=\"column-5\">Direction Provinciale de l Emploi et des Aff. soc. a la Prov. de Tetouan<\/td>\n<\/tr>\n<tr class=\"row-40\">\n\t<td class=\"column-1\"><\/td><td class=\"column-2\"><\/td><td class=\"column-3\"><strong>35<\/strong><\/td><td class=\"column-4\">AFIF SI MOHAMMED<\/td><td class=\"column-5\">Direction Regionale de l emploi et des Affaires Sociales Marrakech<\/td>\n<\/tr>\n<tr class=\"row-41\">\n\t<td class=\"column-1\"><\/td><td class=\"column-2\"><\/td><td class=\"column-3\"><strong>36<\/strong><\/td><td class=\"column-4\">AFKIR AMINE<\/td><td class=\"column-5\">Direction Provinciale de l Emploi et des Aff. soc. \u00e0 la Prov. de Nador<\/td>\n<\/tr>\n<tr class=\"row-42\">\n\t<td class=\"column-1\"><\/td><td class=\"column-2\"><\/td><td class=\"column-3\"><strong>37<\/strong><\/td><td class=\"column-4\">AGAROUCHE ABDELMAJID<\/td><td class=\"column-5\">Direction R\u00e9gionale de l Emploi et des Affaires Sociales Tanger<\/td>\n<\/tr>\n<tr class=\"row-43\">\n\t<td class=\"column-1\"><\/td><td class=\"column-2\"><\/td><td class=\"column-3\"><strong>38<\/strong><\/td><td class=\"column-4\">AGOURAM MOHAMED<\/td><td class=\"column-5\">Direction de l\u2019Observatoire National du March\u00e9 du Travail<\/td>\n<\/tr>\n<tr class=\"row-44\">\n\t<td class=\"column-1\"><\/td><td class=\"column-2\"><\/td><td class=\"column-3\"><strong>39<\/strong><\/td><td class=\"column-4\">AHAJJAM MOHAMED AZYZ<\/td><td class=\"column-5\">Direction Provinciale de l Emploi et des Aff. soc. \u00e0 la Prov. de T\u00e9touan<\/td>\n<\/tr>\n<tr class=\"row-45\">\n\t<td class=\"column-1\"><\/td><td class=\"column-2\"><\/td><td class=\"column-3\"><strong>40<\/strong><\/td><td class=\"column-4\">AHARMIM SABIR<\/td><td class=\"column-5\">Direction Provinciale de l Emploi et des Aff. soc. \u00e0 la Prov. de Taounate<\/td>\n<\/tr>\n<tr class=\"row-46\">\n\t<td class=\"column-1\"><\/td><td class=\"column-2\"><\/td><td class=\"column-3\"><strong>41<\/strong><\/td><td class=\"column-4\">AHBIRITE KAMAL<\/td><td class=\"column-5\">Direction Provinciale de l Emploi et des Aff. soc. \u00e0 la Prov. de Fkih Ben Saleh<\/td>\n<\/tr>\n<tr class=\"row-47\">\n\t<td class=\"column-1\"><\/td><td class=\"column-2\"><\/td><td class=\"column-3\"><strong>42<\/strong><\/td><td class=\"column-4\">AHMANI NADIA<\/td><td class=\"column-5\">DIRECTION DES RESSOURCES HUMAINES,BUDGET ET AFF GENERALES<\/td>\n<\/tr>\n<tr class=\"row-48\">\n\t<td class=\"column-1\"><\/td><td class=\"column-2\"><\/td><td class=\"column-3\"><strong>43<\/strong><\/td><td class=\"column-4\">AHMAR LAGROUN MAROUANE<\/td><td class=\"column-5\">DIRECTION DES RESSOURCES HUMAINES,BUDGET ET AFF GENERALES<\/td>\n<\/tr>\n<tr class=\"row-49\">\n\t<td class=\"column-1\"><\/td><td class=\"column-2\"><\/td><td class=\"column-3\"><strong>44<\/strong><\/td><td class=\"column-4\">AHMED EL GADI<\/td><td class=\"column-5\">Direction Provinciale de l Emploi et des Aff. soc. \u00e0 la Prov. d\u2019Errachidia<\/td>\n<\/tr>\n<tr class=\"row-50\">\n\t<td class=\"column-1\"><\/td><td class=\"column-2\"><\/td><td class=\"column-3\"><strong>45<\/strong><\/td><td class=\"column-4\">AHMIMED LHASSAN<\/td><td class=\"column-5\">Direction R\u00e9gionale de l Emploi et des Affaires Sociales Laayoune<\/td>\n<\/tr>\n<tr class=\"row-51\">\n\t<td class=\"column-1\"><\/td><td class=\"column-2\"><\/td><td class=\"column-3\"><strong>46<\/strong><\/td><td class=\"column-4\">AIT AGHNIA AYMANE<\/td><td class=\"column-5\">DIRECTION DES RESSOURCES HUMAINES,BUDGET ET AFF GENERALES<\/td>\n<\/tr>\n<tr class=\"row-52\">\n\t<td class=\"column-1\"><\/td><td class=\"column-2\"><\/td><td class=\"column-3\"><strong>47<\/strong><\/td><td class=\"column-4\">AIT ATTA MOHAMED<\/td><td class=\"column-5\">Direction R\u00e9gionale de l Emploi et des Affaires Sociales Agadir<\/td>\n<\/tr>\n<tr class=\"row-53\">\n\t<td class=\"column-1\"><\/td><td class=\"column-2\"><\/td><td class=\"column-3\"><strong>48<\/strong><\/td><td class=\"column-4\">AIT BAAYA SOUKAINA<\/td><td class=\"column-5\">Direction R\u00e9gionale de l Emploi et des Affaires Sociales Marrakech<\/td>\n<\/tr>\n<tr class=\"row-54\">\n\t<td class=\"column-1\"><\/td><td class=\"column-2\"><\/td><td class=\"column-3\"><strong>49<\/strong><\/td><td class=\"column-4\">AIT BEN ALI SOUFIAN<\/td><td class=\"column-5\">Direction Provinciale de l Emploi et des Aff. soc. \u00e0 la Prov. d\u2019Ouarzazate<\/td>\n<\/tr>\n<tr class=\"row-55\">\n\t<td class=\"column-1\"><\/td><td class=\"column-2\"><\/td><td class=\"column-3\"><strong>50<\/strong><\/td><td class=\"column-4\">AIT BEN EL HAJ TOUFIK<\/td><td class=\"column-5\">DIRECTION DES RESSOURCES HUMAINES,BUDGET ET AFF GENERALES<\/td>\n<\/tr>\n<tr class=\"row-56\">\n\t<td class=\"column-1\"><\/td><td class=\"column-2\"><\/td><td class=\"column-3\"><strong>51<\/strong><\/td><td class=\"column-4\">AIT EL HAJ BRAHIM<\/td><td class=\"column-5\">Direction R\u00e9gionale de l Emploi et des Affaires Sociales Marrakech<\/td>\n<\/tr>\n<tr class=\"row-57\">\n\t<td class=\"column-1\"><\/td><td class=\"column-2\"><\/td><td class=\"column-3\"><strong>52<\/strong><\/td><td class=\"column-4\">AIT HASSOU MALIKA<\/td><td class=\"column-5\">DIRECTION DES RESSOURCES HUMAINES,BUDGET ET AFF GENERALES<\/td>\n<\/tr>\n<tr class=\"row-58\">\n\t<td class=\"column-1\"><\/td><td class=\"column-2\"><\/td><td class=\"column-3\"><strong>53<\/strong><\/td><td class=\"column-4\">AIT ICHOU ISMAIL<\/td><td class=\"column-5\">Direction Provinciale de l\u2019Emploi et des Aff. soc. \u00e0 la Prov. d\u2019Ouarzazate<\/td>\n<\/tr>\n<tr class=\"row-59\">\n\t<td class=\"column-1\"><\/td><td class=\"column-2\"><\/td><td class=\"column-3\"><strong>54<\/strong><\/td><td class=\"column-4\">AIT IKKEN RACHID<\/td><td class=\"column-5\">Direction R\u00e9gionale de l Emploi et des Affaires Sociales Marrakech<\/td>\n<\/tr>\n<tr class=\"row-60\">\n\t<td class=\"column-1\"><\/td><td class=\"column-2\"><\/td><td class=\"column-3\"><strong>55<\/strong><\/td><td class=\"column-4\">AIT KASSI EL MEHDI<\/td><td class=\"column-5\">CABINET<\/td>\n<\/tr>\n<tr class=\"row-61\">\n\t<td class=\"column-1\"><\/td><td class=\"column-2\"><\/td><td class=\"column-3\"><strong>56<\/strong><\/td><td class=\"column-4\">AIT LAHCEN ZAHRA<\/td><td class=\"column-5\">Direction Provinciale de l Emploi et des Aff. Soc. \u00e0 la Pr\u00e9fect. SkhirateT\u00e9mara<\/td>\n<\/tr>\n<tr class=\"row-62\">\n\t<td class=\"column-1\"><\/td><td class=\"column-2\"><\/td><td class=\"column-3\"><strong>57<\/strong><\/td><td class=\"column-4\">AIT MOHA BEN ALI KHADIJA<\/td><td class=\"column-5\">Direction Provinciale de l Emploi et des Aff. soc. \u00e0 la Prov. de B\u00e9ni-Mellal<\/td>\n<\/tr>\n<tr class=\"row-63\">\n\t<td class=\"column-1\"><\/td><td class=\"column-2\"><\/td><td class=\"column-3\"><strong>58<\/strong><\/td><td class=\"column-4\">AIT OUBKHANE ABDELAALI<\/td><td class=\"column-5\">Direction Provinciale de l Emploi et des Aff. Soc. \u00e0 la Pr\u00e9fect. de Mohammedia<\/td>\n<\/tr>\n<tr class=\"row-64\">\n\t<td class=\"column-1\"><\/td><td class=\"column-2\"><\/td><td class=\"column-3\"><strong>59<\/strong><\/td><td class=\"column-4\">AIZ MINA<\/td><td class=\"column-5\">CABINET<\/td>\n<\/tr>\n<tr class=\"row-65\">\n\t<td class=\"column-1\"><\/td><td class=\"column-2\"><\/td><td class=\"column-3\"><strong>60<\/strong><\/td><td class=\"column-4\">AJARAAM SAMIR<\/td><td class=\"column-5\">DIRECTION DE l Emploi<\/td>\n<\/tr>\n<tr class=\"row-66\">\n\t<td class=\"column-1\"><\/td><td class=\"column-2\"><\/td><td class=\"column-3\"><strong>61<\/strong><\/td><td class=\"column-4\">AJEMAHERI FATIMA-EZAHRA<\/td><td class=\"column-5\">Direction R\u00e9gionale de l Emploi et des Affaires Sociales F\u00e8s<\/td>\n<\/tr>\n<tr class=\"row-67\">\n\t<td class=\"column-1\"><\/td><td class=\"column-2\"><\/td><td class=\"column-3\"><strong>62<\/strong><\/td><td class=\"column-4\">AJILIANE OUAFAE<\/td><td class=\"column-5\">Direction Provinciale de l Emploi et des Aff. soc. a la Prov. de Tetouan<\/td>\n<\/tr>\n<tr class=\"row-68\">\n\t<td class=\"column-1\"><\/td><td class=\"column-2\"><\/td><td class=\"column-3\"><strong>63<\/strong><\/td><td class=\"column-4\">AJSSASSI FATIMA<\/td><td class=\"column-5\">Direction R\u00e9gionale de l Emploi et des Affaires Sociales Agadir<\/td>\n<\/tr>\n<tr class=\"row-69\">\n\t<td class=\"column-1\"><\/td><td class=\"column-2\"><\/td><td class=\"column-3\"><strong>64<\/strong><\/td><td class=\"column-4\">AKASBI SANAE<\/td><td class=\"column-5\">Direction R\u00e9gionale de l Emploi et des Affaires Sociales Tanger<\/td>\n<\/tr>\n<tr class=\"row-70\">\n\t<td class=\"column-1\"><\/td><td class=\"column-2\"><\/td><td class=\"column-3\"><strong>65<\/strong><\/td><td class=\"column-4\">AKHSASSI MOHAMED<\/td><td class=\"column-5\">Direction Provinciale de l Emploi et des Aff. soc. \u00e0 la Prov. de Taroudant<\/td>\n<\/tr>\n<tr class=\"row-71\">\n\t<td class=\"column-1\"><\/td><td class=\"column-2\"><\/td><td class=\"column-3\"><strong>66<\/strong><\/td><td class=\"column-4\">AKIKIZ FATIMA<\/td><td class=\"column-5\">DIRECTION DU TRAVAIL<\/td>\n<\/tr>\n<tr class=\"row-72\">\n\t<td class=\"column-1\"><\/td><td class=\"column-2\"><\/td><td class=\"column-3\"><strong>67<\/strong><\/td><td class=\"column-4\">AKKI SAID<\/td><td class=\"column-5\">Direction Provinciale de l Emploi et des Aff. soc. \u00e0 la Prov. de sidi Kacem<\/td>\n<\/tr>\n<tr class=\"row-73\">\n\t<td class=\"column-1\"><\/td><td class=\"column-2\"><\/td><td class=\"column-3\"><strong>68<\/strong><\/td><td class=\"column-4\">AL MEFTAH EL HOU<\/td><td class=\"column-5\">Direction Provinciale de l\u2019Emploi et des Aff. soc. \u00e0 la Prov. d\u2019Errachidia<\/td>\n<\/tr>\n<tr class=\"row-74\">\n\t<td class=\"column-1\"><\/td><td class=\"column-2\"><\/td><td class=\"column-3\"><strong>69<\/strong><\/td><td class=\"column-4\">ALAHYANE REDOUANE<\/td><td class=\"column-5\">Direction Provinciale de l Emploi et des Aff. soc. \u00e0 la Prov. de Taroudant<\/td>\n<\/tr>\n<tr class=\"row-75\">\n\t<td class=\"column-1\"><\/td><td class=\"column-2\"><\/td><td class=\"column-3\"><strong>70<\/strong><\/td><td class=\"column-4\">ALAOUI AZIZ<\/td><td class=\"column-5\">Direction Provinciale de l Emploi et des Aff. Soc. \u00e0 la Pr\u00e9fect. de Sefrou<\/td>\n<\/tr>\n<tr class=\"row-76\">\n\t<td class=\"column-1\"><\/td><td class=\"column-2\"><\/td><td class=\"column-3\"><strong>71<\/strong><\/td><td class=\"column-4\">ALAOUI BAHIJA<\/td><td class=\"column-5\">Direction Regionale de l emploi et des Affaires Sociales Fes<\/td>\n<\/tr>\n<tr class=\"row-77\">\n\t<td class=\"column-1\"><\/td><td class=\"column-2\"><\/td><td class=\"column-3\"><strong>72<\/strong><\/td><td class=\"column-4\">ALAOUI BOUCHRA<\/td><td class=\"column-5\">Direction Regionale de l emploi et des Affaires Sociales Fes<\/td>\n<\/tr>\n<tr class=\"row-78\">\n\t<td class=\"column-1\"><\/td><td class=\"column-2\"><\/td><td class=\"column-3\"><strong>73<\/strong><\/td><td class=\"column-4\">ALIHSSAINI NOUHAILA<\/td><td class=\"column-5\">DIRECTION DES RESSOURCES HUMAINES,BUDGET ET AFF GENERALES<\/td>\n<\/tr>\n<tr class=\"row-79\">\n\t<td class=\"column-1\"><\/td><td class=\"column-2\"><\/td><td class=\"column-3\"><strong>74<\/strong><\/td><td class=\"column-4\">ALLAMI HIBA<\/td><td class=\"column-5\">DIRECTION DES RESSOURCES HUMAINES,BUDGET ET AFF GENERALES<\/td>\n<\/tr>\n<tr class=\"row-80\">\n\t<td class=\"column-1\"><\/td><td class=\"column-2\"><\/td><td class=\"column-3\"><strong>75<\/strong><\/td><td class=\"column-4\">ALLOUAN NADIA<\/td><td class=\"column-5\">SECRETARIAT GENERAL<\/td>\n<\/tr>\n<tr class=\"row-81\">\n\t<td class=\"column-1\"><\/td><td class=\"column-2\"><\/td><td class=\"column-3\"><strong>76<\/strong><\/td><td class=\"column-4\">AMEJRAR MOHAMED<\/td><td class=\"column-5\">Direction Provinciale de l Emploi et des Aff. soc. \u00e0 la Prov. de B\u00e9ni-Mellal<\/td>\n<\/tr>\n<tr class=\"row-82\">\n\t<td class=\"column-1\"><\/td><td class=\"column-2\"><\/td><td class=\"column-3\"><strong>77<\/strong><\/td><td class=\"column-4\">AMELLOUK TOUHAMI<\/td><td class=\"column-5\">DIRECTION DU TRAVAIL<\/td>\n<\/tr>\n<tr class=\"row-83\">\n\t<td class=\"column-1\"><\/td><td class=\"column-2\"><\/td><td class=\"column-3\"><strong>78<\/strong><\/td><td class=\"column-4\">AMEZIANE DINA<\/td><td class=\"column-5\">Direction Provinciale de l\u2019Emploi et des Aff. soc. \u00e0 la Prov. d\u2019El Hoceima<\/td>\n<\/tr>\n<tr class=\"row-84\">\n\t<td class=\"column-1\"><\/td><td class=\"column-2\"><\/td><td class=\"column-3\"><strong>79<\/strong><\/td><td class=\"column-4\">AMEZZIANE MERYEM<\/td><td class=\"column-5\">Direction R\u00e9gionale de l Emploi et des Affaires Sociales Rabat<\/td>\n<\/tr>\n<tr class=\"row-85\">\n\t<td class=\"column-1\"><\/td><td class=\"column-2\"><\/td><td class=\"column-3\"><strong>80<\/strong><\/td><td class=\"column-4\">AMIAR MOHAMED EL HABIB<\/td><td class=\"column-5\">Direction R\u00e9gionale de l\u2019emploi et des Affaires Sociales Tanger<\/td>\n<\/tr>\n<tr class=\"row-86\">\n\t<td class=\"column-1\"><\/td><td class=\"column-2\"><\/td><td class=\"column-3\"><strong>81<\/strong><\/td><td class=\"column-4\">AMMAR MOHAMED<\/td><td class=\"column-5\">Direction Prov. de l\u2019Emp. et des Aff. Soc. \u00e0 la Pr\u00e9fec. Arrond. Nouaceur<\/td>\n<\/tr>\n<tr class=\"row-87\">\n\t<td class=\"column-1\"><\/td><td class=\"column-2\"><\/td><td class=\"column-3\"><strong>82<\/strong><\/td><td class=\"column-4\">AMMAR SAID<\/td><td class=\"column-5\">Direction Prov. de l\u2019Emp. et des Aff. Soc. \u00e0 la Pr\u00e9fec. Arrond. SidiBernoussi<\/td>\n<\/tr>\n<tr class=\"row-88\">\n\t<td class=\"column-1\"><\/td><td class=\"column-2\"><\/td><td class=\"column-3\"><strong>83<\/strong><\/td><td class=\"column-4\">AMRANI ADNANE<\/td><td class=\"column-5\">Direction Provinciale de l Emploi et des Aff. soc. \u00e0 la Prov. de sidi Kacem<\/td>\n<\/tr>\n<tr class=\"row-89\">\n\t<td class=\"column-1\"><\/td><td class=\"column-2\"><\/td><td class=\"column-3\"><strong>84<\/strong><\/td><td class=\"column-4\">AMRANI FATINE<\/td><td class=\"column-5\">Direction Provinciale de l\u2019Emploi et des Aff. soc. \u00e0 la Prov. d\u2019El Hoceima<\/td>\n<\/tr>\n<tr class=\"row-90\">\n\t<td class=\"column-1\"><\/td><td class=\"column-2\"><\/td><td class=\"column-3\"><strong>85<\/strong><\/td><td class=\"column-4\">ANADIF HADJA<\/td><td class=\"column-5\">RABAT<\/td>\n<\/tr>\n<tr class=\"row-91\">\n\t<td class=\"column-1\"><\/td><td class=\"column-2\"><\/td><td class=\"column-3\"><strong>86<\/strong><\/td><td class=\"column-4\">ANADIF YAMINA<\/td><td class=\"column-5\">DIRECTION DES RESSOURCES HUMAINES,BUDGET ET AFF GENERALES<\/td>\n<\/tr>\n<tr class=\"row-92\">\n\t<td class=\"column-1\"><\/td><td class=\"column-2\"><\/td><td class=\"column-3\"><strong>87<\/strong><\/td><td class=\"column-4\">ANASRI MERIEME<\/td><td class=\"column-5\">DIRECTION DES RESSOURCES HUMAINES,BUDGET ET AFF GENERALES<\/td>\n<\/tr>\n<tr class=\"row-93\">\n\t<td class=\"column-1\"><\/td><td class=\"column-2\"><\/td><td class=\"column-3\"><strong>88<\/strong><\/td><td class=\"column-4\">ANOUAR-TADLAOUI MOUNIA<\/td><td class=\"column-5\">Direction Regionale de l emploi et des Affaires Sociales Fes<\/td>\n<\/tr>\n<tr class=\"row-94\">\n\t<td class=\"column-1\"><\/td><td class=\"column-2\"><\/td><td class=\"column-3\"><strong>89<\/strong><\/td><td class=\"column-4\">ANOUGOU JADE<\/td><td class=\"column-5\">DIRECTION DES RESSOURCES HUMAINES,BUDGET ET AFF GENERALES<\/td>\n<\/tr>\n<tr class=\"row-95\">\n\t<td class=\"column-1\"><\/td><td class=\"column-2\"><\/td><td class=\"column-3\"><strong>90<\/strong><\/td><td class=\"column-4\">ANSM REKIA<\/td><td class=\"column-5\">Direction Prov. de l\u2019Emp. et des Aff. Soc. \u00e0 la Pr\u00e9fec. Arrond. Nouaceur<\/td>\n<\/tr>\n<tr class=\"row-96\">\n\t<td class=\"column-1\"><\/td><td class=\"column-2\"><\/td><td class=\"column-3\"><strong>91<\/strong><\/td><td class=\"column-4\">ANTER WAHIBA<\/td><td class=\"column-5\">DIRECTION DES RESSOURCES HUMAINES,BUDGET ET AFF GENERALES<\/td>\n<\/tr>\n<tr class=\"row-97\">\n\t<td class=\"column-1\"><\/td><td class=\"column-2\"><\/td><td class=\"column-3\"><strong>92<\/strong><\/td><td class=\"column-4\">AOUAB FATINE<\/td><td class=\"column-5\">Direction de la coop\u00e9ration internationale et du partenariat<\/td>\n<\/tr>\n<tr class=\"row-98\">\n\t<td class=\"column-1\"><\/td><td class=\"column-2\"><\/td><td class=\"column-3\"><strong>93<\/strong><\/td><td class=\"column-4\">AOUADH SOUAD<\/td><td class=\"column-5\">INSPECTION GENERALE<\/td>\n<\/tr>\n<tr class=\"row-99\">\n\t<td class=\"column-1\"><\/td><td class=\"column-2\"><\/td><td class=\"column-3\"><strong>94<\/strong><\/td><td class=\"column-4\">AOUAM MOHAMMED<\/td><td class=\"column-5\">DIRECTION DES RESSOURCES HUMAINES,BUDGET ET AFF GENERALES<\/td>\n<\/tr>\n<tr class=\"row-100\">\n\t<td class=\"column-1\"><\/td><td class=\"column-2\"><\/td><td class=\"column-3\"><strong>95<\/strong><\/td><td class=\"column-4\">AOUINATE SOUNDOUS<\/td><td class=\"column-5\">DIRECTION DU TRAVAIL<\/td>\n<\/tr>\n<tr class=\"row-101\">\n\t<td class=\"column-1\"><\/td><td class=\"column-2\"><\/td><td class=\"column-3\"><strong>96<\/strong><\/td><td class=\"column-4\">AOUINI ASSIA<\/td><td class=\"column-5\">Direction R\u00e9gionale de l Emploi et des Affaires Sociales F\u00e8s<\/td>\n<\/tr>\n<tr class=\"row-102\">\n\t<td class=\"column-1\"><\/td><td class=\"column-2\"><\/td><td class=\"column-3\"><strong>97<\/strong><\/td><td class=\"column-4\">AOULAD ABDELHADI ABDENNOUR<\/td><td class=\"column-5\">Direction Provinciale de l Emploi et des Aff. soc. \u00e0 la Prov. de T\u00e9touan<\/td>\n<\/tr>\n<tr class=\"row-103\">\n\t<td class=\"column-1\"><\/td><td class=\"column-2\"><\/td><td class=\"column-3\"><strong>98<\/strong><\/td><td class=\"column-4\">AOURAGH LALLA FATIMA<\/td><td class=\"column-5\">Direction de l\u2019Observatoire National du March\u00e9 du Travail<\/td>\n<\/tr>\n<tr class=\"row-104\">\n\t<td class=\"column-1\"><\/td><td class=\"column-2\"><\/td><td class=\"column-3\"><strong>99<\/strong><\/td><td class=\"column-4\">AOUZAR RACHIDA<\/td><td class=\"column-5\">CABINET<\/td>\n<\/tr>\n<tr class=\"row-105\">\n\t<td class=\"column-1\"><\/td><td class=\"column-2\"><\/td><td class=\"column-3\"><strong>100<\/strong><\/td><td class=\"column-4\">AOUZAR YAMNA<\/td><td class=\"column-5\">DIRECTION DES RESSOURCES HUMAINES,BUDGET ET AFF GENERALES<\/td>\n<\/tr>\n<tr class=\"row-106\">\n\t<td class=\"column-1\"><\/td><td class=\"column-2\"><\/td><td class=\"column-3\"><strong>101<\/strong><\/td><td class=\"column-4\">AREZOUK MINA<\/td><td class=\"column-5\">Direction R\u00e9gionale de l Emploi et des Affaires Sociales F\u00e8s<\/td>\n<\/tr>\n<tr class=\"row-107\">\n\t<td class=\"column-1\"><\/td><td class=\"column-2\"><\/td><td class=\"column-3\"><strong>102<\/strong><\/td><td class=\"column-4\">ARFI ABDERRAHMANE<\/td><td class=\"column-5\">Direction Provinciale de l\u2019Emploi et des Aff. Soc. \u00e0 la Pr\u00e9fect. de Sal\u00e9<\/td>\n<\/tr>\n<tr class=\"row-108\">\n\t<td class=\"column-1\"><\/td><td class=\"column-2\"><\/td><td class=\"column-3\"><strong>103<\/strong><\/td><td class=\"column-4\">ARGUANA ABDALLAH<\/td><td class=\"column-5\">DIRECTION DES RESSOURCES HUMAINES,BUDGET ET AFF GENERALES<\/td>\n<\/tr>\n<tr class=\"row-109\">\n\t<td class=\"column-1\"><\/td><td class=\"column-2\"><\/td><td class=\"column-3\"><strong>104<\/strong><\/td><td class=\"column-4\">ARHIMI RAHHAL<\/td><td class=\"column-5\">Direction Prov. de l\u2019Emp. et des Aff. Soc. \u00e0 la Pr\u00e9fec. Arrond. Fida-MersSultan<\/td>\n<\/tr>\n<tr class=\"row-110\">\n\t<td class=\"column-1\"><\/td><td class=\"column-2\"><\/td><td class=\"column-3\"><strong>105<\/strong><\/td><td class=\"column-4\">ARRAS NASSIRA<\/td><td class=\"column-5\">RABAT<\/td>\n<\/tr>\n<tr class=\"row-111\">\n\t<td class=\"column-1\"><\/td><td class=\"column-2\"><\/td><td class=\"column-3\"><strong>106<\/strong><\/td><td class=\"column-4\">ARRAS SAID<\/td><td class=\"column-5\">Direction R\u00e9gionale de l Emploi et des Affaires Sociales Rabat<\/td>\n<\/tr>\n<tr class=\"row-112\">\n\t<td class=\"column-1\"><\/td><td class=\"column-2\"><\/td><td class=\"column-3\"><strong>107<\/strong><\/td><td class=\"column-4\">ASAID SALEK<\/td><td class=\"column-5\">Direction R\u00e9gionale de l Emploi et des Affaires Sociales Laayoune<\/td>\n<\/tr>\n<tr class=\"row-113\">\n\t<td class=\"column-1\"><\/td><td class=\"column-2\"><\/td><td class=\"column-3\"><strong>108<\/strong><\/td><td class=\"column-4\">ASBAHI HANANE<\/td><td class=\"column-5\">DIRECTION DES RESSOURCES HUMAINES,BUDGET ET AFF GENERALES<\/td>\n<\/tr>\n<tr class=\"row-114\">\n\t<td class=\"column-1\"><\/td><td class=\"column-2\"><\/td><td class=\"column-3\"><strong>109<\/strong><\/td><td class=\"column-4\">ASSAKOUR ESSAADIA<\/td><td class=\"column-5\">Direction R\u00e9gionale de l Emploi et des Affaires Sociales Laayoune<\/td>\n<\/tr>\n<tr class=\"row-115\">\n\t<td class=\"column-1\"><\/td><td class=\"column-2\"><\/td><td class=\"column-3\"><strong>110<\/strong><\/td><td class=\"column-4\">ASSAOUA LAHCEN<\/td><td class=\"column-5\">Direction Provinciale de l Emploi et des Aff. soc. \u00e0 la Prov. de Khemisset<\/td>\n<\/tr>\n<tr class=\"row-116\">\n\t<td class=\"column-1\"><\/td><td class=\"column-2\"><\/td><td class=\"column-3\"><strong>111<\/strong><\/td><td class=\"column-4\">ASSEFSOU MAJDOULINE<\/td><td class=\"column-5\">Direction R\u00e9gionale de l Emploi et des Affaires Sociales Laayoune<\/td>\n<\/tr>\n<tr class=\"row-117\">\n\t<td class=\"column-1\"><\/td><td class=\"column-2\"><\/td><td class=\"column-3\"><strong>112<\/strong><\/td><td class=\"column-4\">ASSRAOUI MAROUANE<\/td><td class=\"column-5\">Direction Provinciale de l Emploi et des Aff. soc. \u00e0 la Prov. de Fkih Ben Saleh<\/td>\n<\/tr>\n<tr class=\"row-118\">\n\t<td class=\"column-1\"><\/td><td class=\"column-2\"><\/td><td class=\"column-3\"><strong>113<\/strong><\/td><td class=\"column-4\">ATIFI THAMI<\/td><td class=\"column-5\">Direction R\u00e9gionale de l Emploi et des Affaires Sociales Laayoune<\/td>\n<\/tr>\n<tr class=\"row-119\">\n\t<td class=\"column-1\"><\/td><td class=\"column-2\"><\/td><td class=\"column-3\"><strong>114<\/strong><\/td><td class=\"column-4\">ATIR LAILA<\/td><td class=\"column-5\">Direction Provinciale de l Emploi et des Aff. Soc. \u00e0 la Pr\u00e9fect. de Sal\u00e9<\/td>\n<\/tr>\n<tr class=\"row-120\">\n\t<td class=\"column-1\"><\/td><td class=\"column-2\"><\/td><td class=\"column-3\"><strong>115<\/strong><\/td><td class=\"column-4\">AYACH SALAH EDDINE<\/td><td class=\"column-5\">Direction Provinciale de l\u2019Emploi et des Aff. Soc. \u00e0 la Pr\u00e9fect. de Sal\u00e9<\/td>\n<\/tr>\n<tr class=\"row-121\">\n\t<td class=\"column-1\"><\/td><td class=\"column-2\"><\/td><td class=\"column-3\"><strong>116<\/strong><\/td><td class=\"column-4\">AYAD FATNA<\/td><td class=\"column-5\">Direction Prov. de l\u2019Emp. et des Aff. Soc. \u00e0 la Pr\u00e9fec. Arrond. SidiBernoussi<\/td>\n<\/tr>\n<tr class=\"row-122\">\n\t<td class=\"column-1\"><\/td><td class=\"column-2\"><\/td><td class=\"column-3\"><strong>117<\/strong><\/td><td class=\"column-4\">AYMAZ TOURIYA<\/td><td class=\"column-5\">Direction Provinciale de l\u2019Emploi et des Aff. Soc. \u00e0 la Pr\u00e9fect. de Sal\u00e9<\/td>\n<\/tr>\n<tr class=\"row-123\">\n\t<td class=\"column-1\"><\/td><td class=\"column-2\"><\/td><td class=\"column-3\"><strong>118<\/strong><\/td><td class=\"column-4\">AZALA MOHAMMED<\/td><td class=\"column-5\">DIRECTION DE l Emploi<\/td>\n<\/tr>\n<tr class=\"row-124\">\n\t<td class=\"column-1\"><\/td><td class=\"column-2\"><\/td><td class=\"column-3\"><strong>119<\/strong><\/td><td class=\"column-4\">AZAMI IDRISSI LAILA<\/td><td class=\"column-5\">FES<\/td>\n<\/tr>\n<tr class=\"row-125\">\n\t<td class=\"column-1\"><\/td><td class=\"column-2\"><\/td><td class=\"column-3\"><strong>120<\/strong><\/td><td class=\"column-4\">AZIBOU KAOUTAR<\/td><td class=\"column-5\">Direction de l\u2019Observatoire National du March\u00e9 du Travail<\/td>\n<\/tr>\n<tr class=\"row-126\">\n\t<td class=\"column-1\"><\/td><td class=\"column-2\"><\/td><td class=\"column-3\"><strong>121<\/strong><\/td><td class=\"column-4\">AZIZ ABDELMJID<\/td><td class=\"column-5\">DIRECTION DES RESSOURCES HUMAINES,BUDGET ET AFF GENERALES<\/td>\n<\/tr>\n<tr class=\"row-127\">\n\t<td class=\"column-1\"><\/td><td class=\"column-2\"><\/td><td class=\"column-3\"><strong>122<\/strong><\/td><td class=\"column-4\">AZNAG SOUAD<\/td><td class=\"column-5\">Direction Provinciale de l Emploi et des Aff. soc. \u00e0 la Prov. d\u2019El Jadida<\/td>\n<\/tr>\n<tr class=\"row-128\">\n\t<td class=\"column-1\"><\/td><td class=\"column-2\"><\/td><td class=\"column-3\"><strong>123<\/strong><\/td><td class=\"column-4\">AZZAOUI AHMED<\/td><td class=\"column-5\">Direction R\u00e9gionale de l Emploi et des Affaires Sociales Rabat<\/td>\n<\/tr>\n<tr class=\"row-129\">\n\t<td class=\"column-1\"><\/td><td class=\"column-2\"><\/td><td class=\"column-3\"><strong>124<\/strong><\/td><td class=\"column-4\">AZZOUZ YAMINA<\/td><td class=\"column-5\">RABAT<\/td>\n<\/tr>\n<tr class=\"row-130\">\n\t<td class=\"column-1\"><\/td><td class=\"column-2\"><\/td><td class=\"column-3\"><strong>125<\/strong><\/td><td class=\"column-4\">BAALI ESSALMA<\/td><td class=\"column-5\">Direction Provinciale de l Emploi et des Aff. soc. \u00e0 la Prov. de Tan-Tan<\/td>\n<\/tr>\n<tr class=\"row-131\">\n\t<td class=\"column-1\"><\/td><td class=\"column-2\"><\/td><td class=\"column-3\"><strong>126<\/strong><\/td><td class=\"column-4\">BABOUCHE LOUBNA<\/td><td class=\"column-5\">Direction Provinciale de l Emploi et des Aff. Soc. \u00e0 la Pr\u00e9fect. SkhirateT\u00e9mara<\/td>\n<\/tr>\n<tr class=\"row-132\">\n\t<td class=\"column-1\"><\/td><td class=\"column-2\"><\/td><td class=\"column-3\"><strong>127<\/strong><\/td><td class=\"column-4\">BACHA MOHAMMED<\/td><td class=\"column-5\">DELEGATION PROVINCIALE MEKNES<\/td>\n<\/tr>\n<tr class=\"row-133\">\n\t<td class=\"column-1\"><\/td><td class=\"column-2\"><\/td><td class=\"column-3\"><strong>128<\/strong><\/td><td class=\"column-4\">BACHGADA AICHA<\/td><td class=\"column-5\">Direction Provinciale de l Emploi et des Aff. soc. \u00e0 la Prov. de Kenitra<\/td>\n<\/tr>\n<tr class=\"row-134\">\n\t<td class=\"column-1\"><\/td><td class=\"column-2\"><\/td><td class=\"column-3\"><strong>129<\/strong><\/td><td class=\"column-4\">BAGHDOUD ABDELOUAHAB<\/td><td class=\"column-5\">Direction Regionale de l emploi et des Affaires Sociales Fes<\/td>\n<\/tr>\n<tr class=\"row-135\">\n\t<td class=\"column-1\"><\/td><td class=\"column-2\"><\/td><td class=\"column-3\"><strong>130<\/strong><\/td><td class=\"column-4\">BAHOU HICHAM<\/td><td class=\"column-5\">Direction de la coop\u00e9ration internationale et du partenariat<\/td>\n<\/tr>\n<tr class=\"row-136\">\n\t<td class=\"column-1\"><\/td><td class=\"column-2\"><\/td><td class=\"column-3\"><strong>131<\/strong><\/td><td class=\"column-4\">BAI SAID<\/td><td class=\"column-5\">Direction Provinciale de l Emploi et des Aff. soc. \u00e0 la Prov. de Kh\u00e9nifra<\/td>\n<\/tr>\n<tr class=\"row-137\">\n\t<td class=\"column-1\"><\/td><td class=\"column-2\"><\/td><td class=\"column-3\"><strong>132<\/strong><\/td><td class=\"column-4\">BAIDI LAMYAE<\/td><td class=\"column-5\">Direction Provinciale de l Emploi et des Aff. Soc. \u00e0 la Pr\u00e9fect. SkhirateT\u00e9mara<\/td>\n<\/tr>\n<tr class=\"row-138\">\n\t<td class=\"column-1\"><\/td><td class=\"column-2\"><\/td><td class=\"column-3\"><strong>133<\/strong><\/td><td class=\"column-4\">BAKHTAOUI KARIMA<\/td><td class=\"column-5\">Direction R\u00e9gionale de l Emploi et des Affaires Sociales Oujda<\/td>\n<\/tr>\n<tr class=\"row-139\">\n\t<td class=\"column-1\"><\/td><td class=\"column-2\"><\/td><td class=\"column-3\"><strong>134<\/strong><\/td><td class=\"column-4\">BAKKAR MARYAM<\/td><td class=\"column-5\">Direction R\u00e9gionale de l\u2019emploi et des Affaires Sociales Laayoune<\/td>\n<\/tr>\n<tr class=\"row-140\">\n\t<td class=\"column-1\"><\/td><td class=\"column-2\"><\/td><td class=\"column-3\"><strong>135<\/strong><\/td><td class=\"column-4\">BALADI HASSANE<\/td><td class=\"column-5\">Direction Provinciale de l Emploi et des Aff. Soc. a la Prefect. de Mohammedia<\/td>\n<\/tr>\n<tr class=\"row-141\">\n\t<td class=\"column-1\"><\/td><td class=\"column-2\"><\/td><td class=\"column-3\"><strong>136<\/strong><\/td><td class=\"column-4\">BAMAAROUF AZIZ<\/td><td class=\"column-5\">DIRECTION DES RESSOURCES HUMAINES,BUDGET ET AFF GENERALES<\/td>\n<\/tr>\n<tr class=\"row-142\">\n\t<td class=\"column-1\"><\/td><td class=\"column-2\"><\/td><td class=\"column-3\"><strong>137<\/strong><\/td><td class=\"column-4\">BAMAROUF NAJMA<\/td><td class=\"column-5\">INSPECTION GENERALE<\/td>\n<\/tr>\n<tr class=\"row-143\">\n\t<td class=\"column-1\"><\/td><td class=\"column-2\"><\/td><td class=\"column-3\"><strong>138<\/strong><\/td><td class=\"column-4\">BAMI BOUCHRA<\/td><td class=\"column-5\">Direction Provinciale de l Emploi et des Aff. soc. a la Prov. de Beni-Mellal<\/td>\n<\/tr>\n<tr class=\"row-144\">\n\t<td class=\"column-1\"><\/td><td class=\"column-2\"><\/td><td class=\"column-3\"><strong>139<\/strong><\/td><td class=\"column-4\">BARKAN SALEH<\/td><td class=\"column-5\">Direction R\u00e9gionale de l Emploi et des Affaires Sociales Laayoune<\/td>\n<\/tr>\n<tr class=\"row-145\">\n\t<td class=\"column-1\"><\/td><td class=\"column-2\"><\/td><td class=\"column-3\"><strong>140<\/strong><\/td><td class=\"column-4\">BARKI NAIMA<\/td><td class=\"column-5\">Direction de l\u2019Observatoire National du March\u00e9 du Travail<\/td>\n<\/tr>\n<tr class=\"row-146\">\n\t<td class=\"column-1\"><\/td><td class=\"column-2\"><\/td><td class=\"column-3\"><strong>141<\/strong><\/td><td class=\"column-4\">BAROU DINA<\/td><td class=\"column-5\">Direction Provinciale de l Emploi et des Aff. soc. \u00e0 la Prov. de T\u00e9touan<\/td>\n<\/tr>\n<tr class=\"row-147\">\n\t<td class=\"column-1\"><\/td><td class=\"column-2\"><\/td><td class=\"column-3\"><strong>142<\/strong><\/td><td class=\"column-4\">BAROUANE SAFAA<\/td><td class=\"column-5\">Direction Provinciale de l Emploi et des Aff. Soc. \u00e0 la Pr\u00e9fect. de Mohammedia<\/td>\n<\/tr>\n<tr class=\"row-148\">\n\t<td class=\"column-1\"><\/td><td class=\"column-2\"><\/td><td class=\"column-3\"><strong>143<\/strong><\/td><td class=\"column-4\">BATOUTA MARIEM<\/td><td class=\"column-5\">DIRECTION DE l Emploi<\/td>\n<\/tr>\n<tr class=\"row-149\">\n\t<td class=\"column-1\"><\/td><td class=\"column-2\"><\/td><td class=\"column-3\"><strong>144<\/strong><\/td><td class=\"column-4\">BATTI AYAD<\/td><td class=\"column-5\">Direction R\u00e9gionale de l\u2019emploi et des Affaires Sociales Laayoune<\/td>\n<\/tr>\n<tr class=\"row-150\">\n\t<td class=\"column-1\"><\/td><td class=\"column-2\"><\/td><td class=\"column-3\"><strong>145<\/strong><\/td><td class=\"column-4\">BAZ SAID<\/td><td class=\"column-5\">Direction Prov. de l Emp. et des Aff. Soc. a la Prefec. Arrond. de Ben M sik<\/td>\n<\/tr>\n<tr class=\"row-151\">\n\t<td class=\"column-1\"><\/td><td class=\"column-2\"><\/td><td class=\"column-3\"><strong>146<\/strong><\/td><td class=\"column-4\">BAZA HIBATOULLAH<\/td><td class=\"column-5\">Direction R\u00e9gionale de l Emploi et des Affaires Sociales Rabat<\/td>\n<\/tr>\n<tr class=\"row-152\">\n\t<td class=\"column-1\"><\/td><td class=\"column-2\"><\/td><td class=\"column-3\"><strong>147<\/strong><\/td><td class=\"column-4\">BAZZAZ TAHRA<\/td><td class=\"column-5\">Direction R\u00e9gionale de l Emploi et des Affaires Sociales Rabat<\/td>\n<\/tr>\n<tr class=\"row-153\">\n\t<td class=\"column-1\"><\/td><td class=\"column-2\"><\/td><td class=\"column-3\"><strong>148<\/strong><\/td><td class=\"column-4\">BDADI SIDI SBAA<\/td><td class=\"column-5\">Direction R\u00e9gionale de l Emploi et des Affaires Sociales Laayoune<\/td>\n<\/tr>\n<tr class=\"row-154\">\n\t<td class=\"column-1\"><\/td><td class=\"column-2\"><\/td><td class=\"column-3\"><strong>149<\/strong><\/td><td class=\"column-4\">BEKKALI WADIA<\/td><td class=\"column-5\">Direction Provinciale de l Emploi et des Aff. soc. \u00e0 la Prov. de Kh\u00e9nifra<\/td>\n<\/tr>\n<tr class=\"row-155\">\n\t<td class=\"column-1\"><\/td><td class=\"column-2\"><\/td><td class=\"column-3\"><strong>150<\/strong><\/td><td class=\"column-4\">BEL MADANI OUMEIMA<\/td><td class=\"column-5\">Direction de la coop\u00e9ration internationale et du partenariat<\/td>\n<\/tr>\n<tr class=\"row-156\">\n\t<td class=\"column-1\"><\/td><td class=\"column-2\"><\/td><td class=\"column-3\"><strong>151<\/strong><\/td><td class=\"column-4\">BELAANAYA MOHAMED AMINE<\/td><td class=\"column-5\">Direction Provinciale de l Emploi et des Aff. soc. \u00e0 la Prov. d\u2019Ouarzazate<\/td>\n<\/tr>\n<tr class=\"row-157\">\n\t<td class=\"column-1\"><\/td><td class=\"column-2\"><\/td><td class=\"column-3\"><strong>152<\/strong><\/td><td class=\"column-4\">BELAHSEN SAMIRA<\/td><td class=\"column-5\">Direction R\u00e9gionale de l Emploi et des Affaires Sociales Rabat<\/td>\n<\/tr>\n<tr class=\"row-158\">\n\t<td class=\"column-1\"><\/td><td class=\"column-2\"><\/td><td class=\"column-3\"><strong>153<\/strong><\/td><td class=\"column-4\">BELARBI MESSAOUDA<\/td><td class=\"column-5\">Direction Provinciale de l Emploi et des Aff. soc. \u00e0 la Prov. de T\u00e9touan<\/td>\n<\/tr>\n<tr class=\"row-159\">\n\t<td class=\"column-1\"><\/td><td class=\"column-2\"><\/td><td class=\"column-3\"><strong>154<\/strong><\/td><td class=\"column-4\">BELARBI OTMANE<\/td><td class=\"column-5\">Direction Provinciale de l Emploi et des Aff. Soc. \u00e0 la Pr\u00e9fect. de Mohammedia<\/td>\n<\/tr>\n<tr class=\"row-160\">\n\t<td class=\"column-1\"><\/td><td class=\"column-2\"><\/td><td class=\"column-3\"><strong>155<\/strong><\/td><td class=\"column-4\">BELFAQIR RABIAA<\/td><td class=\"column-5\">DIRECTION DES RESSOURCES HUMAINES,BUDGET ET AFF GENERALES<\/td>\n<\/tr>\n<tr class=\"row-161\">\n\t<td class=\"column-1\"><\/td><td class=\"column-2\"><\/td><td class=\"column-3\"><strong>156<\/strong><\/td><td class=\"column-4\">BELFATMI NADIA<\/td><td class=\"column-5\">DIRECTION DES RESSOURCES HUMAINES,BUDGET ET AFF GENERALES<\/td>\n<\/tr>\n<tr class=\"row-162\">\n\t<td class=\"column-1\"><\/td><td class=\"column-2\"><\/td><td class=\"column-3\"><strong>157<\/strong><\/td><td class=\"column-4\">BELGACEM CHAFI<\/td><td class=\"column-5\">Direction Provinciale de l Emploi et des Aff. soc. \u00e0 la Prov. de B\u00e9ni-Mellal<\/td>\n<\/tr>\n<tr class=\"row-163\">\n\t<td class=\"column-1\"><\/td><td class=\"column-2\"><\/td><td class=\"column-3\"><strong>158<\/strong><\/td><td class=\"column-4\">BELGHIT YOUSSRA<\/td><td class=\"column-5\">Direction R\u00e9gionale de l Emploi et des Affaires Sociales Marrakech<\/td>\n<\/tr>\n<tr class=\"row-164\">\n\t<td class=\"column-1\"><\/td><td class=\"column-2\"><\/td><td class=\"column-3\"><strong>159<\/strong><\/td><td class=\"column-4\">BELGHITATE ZAKARIAE<\/td><td class=\"column-5\">Direction Regionale de l Emploi et des Affaires Sociales Safi<\/td>\n<\/tr>\n<tr class=\"row-165\">\n\t<td class=\"column-1\"><\/td><td class=\"column-2\"><\/td><td class=\"column-3\"><strong>160<\/strong><\/td><td class=\"column-4\">BELHAJ ZHOR<\/td><td class=\"column-5\">Direction Provinciale de l\u2019Emploi et des Aff. Soc. \u00e0 la Pr\u00e9fect. de Mekn\u00e8s<\/td>\n<\/tr>\n<tr class=\"row-166\">\n\t<td class=\"column-1\"><\/td><td class=\"column-2\"><\/td><td class=\"column-3\"><strong>161<\/strong><\/td><td class=\"column-4\">BELHILALI MOHAMED<\/td><td class=\"column-5\">Direction Provinciale de l Emploi et des Aff. Soc. \u00e0 la Pr\u00e9fect. SkhirateT\u00e9mara<\/td>\n<\/tr>\n<tr class=\"row-167\">\n\t<td class=\"column-1\"><\/td><td class=\"column-2\"><\/td><td class=\"column-3\"><strong>162<\/strong><\/td><td class=\"column-4\">BELHOUACHI EL MILOUD<\/td><td class=\"column-5\">Direction R\u00e9gionale de l Emploi et des Affaires Sociales Oujda<\/td>\n<\/tr>\n<tr class=\"row-168\">\n\t<td class=\"column-1\"><\/td><td class=\"column-2\"><\/td><td class=\"column-3\"><strong>163<\/strong><\/td><td class=\"column-4\">BELHOUS MERIEM<\/td><td class=\"column-5\">Direction Prov. de l\u2019Emp. et des Aff. Soc. \u00e0 la Pr\u00e9fec. Arrond. SidiBernoussi<\/td>\n<\/tr>\n<tr class=\"row-169\">\n\t<td class=\"column-1\"><\/td><td class=\"column-2\"><\/td><td class=\"column-3\"><strong>164<\/strong><\/td><td class=\"column-4\">BELIL HICHAM<\/td><td class=\"column-5\">DIRECTION DES RESSOURCES HUMAINES,BUDGET ET AFF GENERALES<\/td>\n<\/tr>\n<tr class=\"row-170\">\n\t<td class=\"column-1\"><\/td><td class=\"column-2\"><\/td><td class=\"column-3\"><strong>165<\/strong><\/td><td class=\"column-4\">BELKHBIZI ANASSE<\/td><td class=\"column-5\">DIRECTION DES RESSOURCES HUMAINES,BUDGET ET AFF GENERALES<\/td>\n<\/tr>\n<tr class=\"row-171\">\n\t<td class=\"column-1\"><\/td><td class=\"column-2\"><\/td><td class=\"column-3\"><strong>166<\/strong><\/td><td class=\"column-4\">BELKHBIZI YASSINE<\/td><td class=\"column-5\">DIRECTION DU TRAVAIL<\/td>\n<\/tr>\n<tr class=\"row-172\">\n\t<td class=\"column-1\"><\/td><td class=\"column-2\"><\/td><td class=\"column-3\"><strong>167<\/strong><\/td><td class=\"column-4\">BELLAM ABDELWAHED<\/td><td class=\"column-5\">Direction Provinciale de l Emploi et des Aff. soc. \u00e0 la Prov. de Taroudant<\/td>\n<\/tr>\n<tr class=\"row-173\">\n\t<td class=\"column-1\"><\/td><td class=\"column-2\"><\/td><td class=\"column-3\"><strong>168<\/strong><\/td><td class=\"column-4\">BELLOUTI BOUCHRA<\/td><td class=\"column-5\">Direction Prov. de l\u2019Emp. et des Aff. Soc. \u00e0 la Pr\u00e9fec. Arrond. HayHassaAinChok<\/td>\n<\/tr>\n<tr class=\"row-174\">\n\t<td class=\"column-1\"><\/td><td class=\"column-2\"><\/td><td class=\"column-3\"><strong>169<\/strong><\/td><td class=\"column-4\">BELMOUDEN SAID<\/td><td class=\"column-5\">DIRECTION DES RESSOURCES HUMAINES,BUDGET ET AFF GENERALES<\/td>\n<\/tr>\n<tr class=\"row-175\">\n\t<td class=\"column-1\"><\/td><td class=\"column-2\"><\/td><td class=\"column-3\"><strong>170<\/strong><\/td><td class=\"column-4\">BELMOURD JAOUAD<\/td><td class=\"column-5\">DIRECTION DES RESSOURCES HUMAINES,BUDGET ET AFF GENERALES<\/td>\n<\/tr>\n<tr class=\"row-176\">\n\t<td class=\"column-1\"><\/td><td class=\"column-2\"><\/td><td class=\"column-3\"><strong>171<\/strong><\/td><td class=\"column-4\">BELOUED MOHAMMED<\/td><td class=\"column-5\">DIRECTION DES RESSOURCES HUMAINES,BUDGET ET AFF GENERALES<\/td>\n<\/tr>\n<tr class=\"row-177\">\n\t<td class=\"column-1\"><\/td><td class=\"column-2\"><\/td><td class=\"column-3\"><strong>172<\/strong><\/td><td class=\"column-4\">BELRHABBAR LATIFA<\/td><td class=\"column-5\">Direction Provinciale de l Emploi et des Aff. soc. \u00e0 la Prov. de Taza<\/td>\n<\/tr>\n<tr class=\"row-178\">\n\t<td class=\"column-1\"><\/td><td class=\"column-2\"><\/td><td class=\"column-3\"><strong>173<\/strong><\/td><td class=\"column-4\">BEN ABDELLAH FATIMA<\/td><td class=\"column-5\">RABAT<\/td>\n<\/tr>\n<tr class=\"row-179\">\n\t<td class=\"column-1\"><\/td><td class=\"column-2\"><\/td><td class=\"column-3\"><strong>174<\/strong><\/td><td class=\"column-4\">BEN CHIKH MOHAMED<\/td><td class=\"column-5\">Direction R\u00e9gionale de l Emploi et des Affaires Sociales Agadir<\/td>\n<\/tr>\n<tr class=\"row-180\">\n\t<td class=\"column-1\"><\/td><td class=\"column-2\"><\/td><td class=\"column-3\"><strong>175<\/strong><\/td><td class=\"column-4\">BEN SBIH NOUFISSA<\/td><td class=\"column-5\">Direction Provinciale de l Emploi et des Aff. soc. \u00e0 la Prov. de T\u00e9touan<\/td>\n<\/tr>\n<tr class=\"row-181\">\n\t<td class=\"column-1\"><\/td><td class=\"column-2\"><\/td><td class=\"column-3\"><strong>176<\/strong><\/td><td class=\"column-4\">BENABARE ABDELAZIZ<\/td><td class=\"column-5\">Direction Provinciale de l Emploi et des Aff. soc. \u00e0 la Prov. de T\u00e9touan<\/td>\n<\/tr>\n<tr class=\"row-182\">\n\t<td class=\"column-1\"><\/td><td class=\"column-2\"><\/td><td class=\"column-3\"><strong>177<\/strong><\/td><td class=\"column-4\">BENALAYT MOHAMED<\/td><td class=\"column-5\">Direction R\u00e9gionale de l Emploi et des Affaires Sociales Laayoune<\/td>\n<\/tr>\n<tr class=\"row-183\">\n\t<td class=\"column-1\"><\/td><td class=\"column-2\"><\/td><td class=\"column-3\"><strong>178<\/strong><\/td><td class=\"column-4\">BENAOUDA HAYAT<\/td><td class=\"column-5\">Direction R\u00e9gionale de l Emploi et des Affaires Sociales Oujda<\/td>\n<\/tr>\n<tr class=\"row-184\">\n\t<td class=\"column-1\"><\/td><td class=\"column-2\"><\/td><td class=\"column-3\"><strong>179<\/strong><\/td><td class=\"column-4\">BENARAFA MIRYAM<\/td><td class=\"column-5\">Direction de l\u2019Observatoire National du March\u00e9 du Travail<\/td>\n<\/tr>\n<tr class=\"row-185\">\n\t<td class=\"column-1\"><\/td><td class=\"column-2\"><\/td><td class=\"column-3\"><strong>180<\/strong><\/td><td class=\"column-4\">BENAYAD NADIA<\/td><td class=\"column-5\">Direction Provinciale de l Emploi et des Aff. soc. \u00e0 la Prov. de Kenitra<\/td>\n<\/tr>\n<tr class=\"row-186\">\n\t<td class=\"column-1\"><\/td><td class=\"column-2\"><\/td><td class=\"column-3\"><strong>181<\/strong><\/td><td class=\"column-4\">BEN-BRAHIM ABDELLATIF<\/td><td class=\"column-5\">DIRECTION DES RESSOURCES HUMAINES,BUDGET ET AFF GENERALES<\/td>\n<\/tr>\n<tr class=\"row-187\">\n\t<td class=\"column-1\"><\/td><td class=\"column-2\"><\/td><td class=\"column-3\"><strong>182<\/strong><\/td><td class=\"column-4\">BENBRAHIM BELKACEM<\/td><td class=\"column-5\">Direction R\u00e9gionale de l\u2019emploi et des Affaires Sociales Oujda<\/td>\n<\/tr>\n<tr class=\"row-188\">\n\t<td class=\"column-1\"><\/td><td class=\"column-2\"><\/td><td class=\"column-3\"><strong>183<\/strong><\/td><td class=\"column-4\">BEN-CHEIKH ABDELHAY<\/td><td class=\"column-5\">Direction Provinciale de l Emploi et des Aff. Soc. \u00e0 la Pr\u00e9fect. de Sefrou<\/td>\n<\/tr>\n<tr class=\"row-189\">\n\t<td class=\"column-1\"><\/td><td class=\"column-2\"><\/td><td class=\"column-3\"><strong>184<\/strong><\/td><td class=\"column-4\">BENCHEIKH MOHAMED<\/td><td class=\"column-5\">Direction Provinciale de l Emploi et des Aff. soc. \u00e0 la Prov. de Tiznit<\/td>\n<\/tr>\n<tr class=\"row-190\">\n\t<td class=\"column-1\"><\/td><td class=\"column-2\"><\/td><td class=\"column-3\"><strong>185<\/strong><\/td><td class=\"column-4\">BENCHIKH IBTISSAM<\/td><td class=\"column-5\">Direction R\u00e9gionale de l Emploi et des Affaires Sociales Agadir<\/td>\n<\/tr>\n<tr class=\"row-191\">\n\t<td class=\"column-1\"><\/td><td class=\"column-2\"><\/td><td class=\"column-3\"><strong>186<\/strong><\/td><td class=\"column-4\">BENCHIKH NOUHA<\/td><td class=\"column-5\">DIRECTION DE l Emploi<\/td>\n<\/tr>\n<tr class=\"row-192\">\n\t<td class=\"column-1\"><\/td><td class=\"column-2\"><\/td><td class=\"column-3\"><strong>187<\/strong><\/td><td class=\"column-4\">BENDI SAKINA<\/td><td class=\"column-5\">Direction Provinciale de l Emploi et des Aff. soc. \u00e0 la Prov. de Kenitra<\/td>\n<\/tr>\n<tr class=\"row-193\">\n\t<td class=\"column-1\"><\/td><td class=\"column-2\"><\/td><td class=\"column-3\"><strong>188<\/strong><\/td><td class=\"column-4\">BENHADDOU HASNAA<\/td><td class=\"column-5\">Direction Provinciale de l Emploi et des Aff. soc. \u00e0 la Prov. de Kenitra<\/td>\n<\/tr>\n<tr class=\"row-194\">\n\t<td class=\"column-1\"><\/td><td class=\"column-2\"><\/td><td class=\"column-3\"><strong>189<\/strong><\/td><td class=\"column-4\">BENLAHCEN ZHOR<\/td><td class=\"column-5\"> SALE<\/td>\n<\/tr>\n<tr class=\"row-195\">\n\t<td class=\"column-1\"><\/td><td class=\"column-2\"><\/td><td class=\"column-3\"><strong>190<\/strong><\/td><td class=\"column-4\">BENLAYOUNE HASSAN<\/td><td class=\"column-5\">Direction Provinciale de l Emploi et des Aff. soc. \u00e0 la Prov. de Taroudant<\/td>\n<\/tr>\n<tr class=\"row-196\">\n\t<td class=\"column-1\"><\/td><td class=\"column-2\"><\/td><td class=\"column-3\"><strong>191<\/strong><\/td><td class=\"column-4\">BENMBARKA ABDENNACER<\/td><td class=\"column-5\">Direction R\u00e9gionale de l Emploi et des Affaires Sociales Tanger<\/td>\n<\/tr>\n<tr class=\"row-197\">\n\t<td class=\"column-1\"><\/td><td class=\"column-2\"><\/td><td class=\"column-3\"><strong>192<\/strong><\/td><td class=\"column-4\">BENNANI EP. THAMI BOUCHRA<\/td><td class=\"column-5\">Direction R\u00e9gionale de l Emploi et des Affaires Sociales F\u00e8s<\/td>\n<\/tr>\n<tr class=\"row-198\">\n\t<td class=\"column-1\"><\/td><td class=\"column-2\"><\/td><td class=\"column-3\"><strong>193<\/strong><\/td><td class=\"column-4\">BENROUAYINE ZAKARIA<\/td><td class=\"column-5\">Direction Provinciale de l\u2019Emploi et des Aff. Soc. \u00e0 la Pr\u00e9fect. de Mekn\u00e8s<\/td>\n<\/tr>\n<tr class=\"row-199\">\n\t<td class=\"column-1\"><\/td><td class=\"column-2\"><\/td><td class=\"column-3\"><strong>194<\/strong><\/td><td class=\"column-4\">BENSAID SABRINE<\/td><td class=\"column-5\">Direction Provinciale de l Emploi et des Aff. soc. \u00e0 la Prov. de Kenitra<\/td>\n<\/tr>\n<tr class=\"row-200\">\n\t<td class=\"column-1\"><\/td><td class=\"column-2\"><\/td><td class=\"column-3\"><strong>195<\/strong><\/td><td class=\"column-4\">BENSAIDI JAMAL<\/td><td class=\"column-5\">Direction Provinciale de l Emploi et des Aff. Soc. \u00e0 la Pr\u00e9fect. de Mekn\u00e8s<\/td>\n<\/tr>\n<tr class=\"row-201\">\n\t<td class=\"column-1\"><\/td><td class=\"column-2\"><\/td><td class=\"column-3\"><strong>196<\/strong><\/td><td class=\"column-4\">BENSALAH AMAL<\/td><td class=\"column-5\">DIRECTION DES RESSOURCES HUMAINES,BUDGET ET AFF GENERALES<\/td>\n<\/tr>\n<tr class=\"row-202\">\n\t<td class=\"column-1\"><\/td><td class=\"column-2\"><\/td><td class=\"column-3\"><strong>197<\/strong><\/td><td class=\"column-4\">BENSAR SAADIA<\/td><td class=\"column-5\">Fes<\/td>\n<\/tr>\n<tr class=\"row-203\">\n\t<td class=\"column-1\"><\/td><td class=\"column-2\"><\/td><td class=\"column-3\"><strong>198<\/strong><\/td><td class=\"column-4\">BENSGHIR HASSAN<\/td><td class=\"column-5\">Direction Provinciale de l Emploi et des Aff. soc. \u00e0 la Prov. de B\u00e9ni-Mellal<\/td>\n<\/tr>\n<tr class=\"row-204\">\n\t<td class=\"column-1\"><\/td><td class=\"column-2\"><\/td><td class=\"column-3\"><strong>199<\/strong><\/td><td class=\"column-4\">BENSOUDA ABDELLATIF<\/td><td class=\"column-5\">Direction Provinciale de l\u2019Emploi et des Aff. Soc. \u00e0 la Pr\u00e9fect. de Mekn\u00e8s<\/td>\n<\/tr>\n<tr class=\"row-205\">\n\t<td class=\"column-1\"><\/td><td class=\"column-2\"><\/td><td class=\"column-3\"><strong>200<\/strong><\/td><td class=\"column-4\">BENSOUDA KORACHI JAMAL EDDINE<\/td><td class=\"column-5\">Direction Provinciale de l\u2019Emploi et des Aff. Soc. \u00e0 la Pr\u00e9fect. de Mekn\u00e8s<\/td>\n<\/tr>\n<tr class=\"row-206\">\n\t<td class=\"column-1\"><\/td><td class=\"column-2\"><\/td><td class=\"column-3\"><strong>201<\/strong><\/td><td class=\"column-4\">BENTALEB FATIMA<\/td><td class=\"column-5\">Direction R\u00e9gionale de l\u2019emploi et des Affaires Sociales Laayoune<\/td>\n<\/tr>\n<tr class=\"row-207\">\n\t<td class=\"column-1\"><\/td><td class=\"column-2\"><\/td><td class=\"column-3\"><strong>202<\/strong><\/td><td class=\"column-4\">BENTALEB FOUZIA<\/td><td class=\"column-5\">SECRETARIAT GENERAL<\/td>\n<\/tr>\n<tr class=\"row-208\">\n\t<td class=\"column-1\"><\/td><td class=\"column-2\"><\/td><td class=\"column-3\"><strong>203<\/strong><\/td><td class=\"column-4\">BENYAACOUB OUAFAE<\/td><td class=\"column-5\">Direction Provinciale de l Emploi et des Aff. soc. \u00e0 la Prov. de Taza<\/td>\n<\/tr>\n<tr class=\"row-209\">\n\t<td class=\"column-1\"><\/td><td class=\"column-2\"><\/td><td class=\"column-3\"><strong>204<\/strong><\/td><td class=\"column-4\">BENYOUSSEF MOHAMED<\/td><td class=\"column-5\">Direction Provinciale de l Emploi et des Aff. soc. \u00e0 la Prov. de Kh\u00e9nifra<\/td>\n<\/tr>\n<tr class=\"row-210\">\n\t<td class=\"column-1\"><\/td><td class=\"column-2\"><\/td><td class=\"column-3\"><strong>205<\/strong><\/td><td class=\"column-4\">BENZAOUIA ABDELHAK<\/td><td class=\"column-5\">DIRECTION DES RESSOURCES HUMAINES,BUDGET ET AFF GENERALES<\/td>\n<\/tr>\n<tr class=\"row-211\">\n\t<td class=\"column-1\"><\/td><td class=\"column-2\"><\/td><td class=\"column-3\"><strong>206<\/strong><\/td><td class=\"column-4\">BENZINE LATIFA<\/td><td class=\"column-5\">Direction R\u00e9gionale de l\u2019Emploi et des Affaires Sociales de Casablanca-Anfa<\/td>\n<\/tr>\n<tr class=\"row-212\">\n\t<td class=\"column-1\"><\/td><td class=\"column-2\"><\/td><td class=\"column-3\"><strong>207<\/strong><\/td><td class=\"column-4\">BERDOUZ HAYAT<\/td><td class=\"column-5\">DIRECTION DES RESSOURCES HUMAINES,BUDGET ET AFF GENERALES<\/td>\n<\/tr>\n<tr class=\"row-213\">\n\t<td class=\"column-1\"><\/td><td class=\"column-2\"><\/td><td class=\"column-3\"><strong>208<\/strong><\/td><td class=\"column-4\">BERHAB OUSSAMA<\/td><td class=\"column-5\">Direction Provinciale de l Emploi et des Aff. soc. \u00e0 la Prov. de Berkane<\/td>\n<\/tr>\n<tr class=\"row-214\">\n\t<td class=\"column-1\"><\/td><td class=\"column-2\"><\/td><td class=\"column-3\"><strong>209<\/strong><\/td><td class=\"column-4\">BERKHOUCH IBTISSAM<\/td><td class=\"column-5\">DIRECTION DE l Emploi<\/td>\n<\/tr>\n<tr class=\"row-215\">\n\t<td class=\"column-1\"><\/td><td class=\"column-2\"><\/td><td class=\"column-3\"><strong>210<\/strong><\/td><td class=\"column-4\">BEROUD BADR<\/td><td class=\"column-5\">Direction Prov. de l\u2019Emp. et des Aff. Soc. \u00e0 la Pr\u00e9fec. Arrond. Nouaceur<\/td>\n<\/tr>\n<tr class=\"row-216\">\n\t<td class=\"column-1\"><\/td><td class=\"column-2\"><\/td><td class=\"column-3\"><strong>211<\/strong><\/td><td class=\"column-4\">BEROUHOU OMAR<\/td><td class=\"column-5\">Direction R\u00e9gionale de l Emploi et des Affaires Sociales Tanger<\/td>\n<\/tr>\n<tr class=\"row-217\">\n\t<td class=\"column-1\"><\/td><td class=\"column-2\"><\/td><td class=\"column-3\"><strong>212<\/strong><\/td><td class=\"column-4\">BETIT SANAE<\/td><td class=\"column-5\">Direction Provinciale de l Emploi et des Aff. soc. \u00e0 la Prov. de Nador<\/td>\n<\/tr>\n<tr class=\"row-218\">\n\t<td class=\"column-1\"><\/td><td class=\"column-2\"><\/td><td class=\"column-3\"><strong>213<\/strong><\/td><td class=\"column-4\">BETTEW SOUAD<\/td><td class=\"column-5\">Direction Provinciale de l Emploi et des Aff. soc. \u00e0 la Prov. de Berrechid<\/td>\n<\/tr>\n<tr class=\"row-219\">\n\t<td class=\"column-1\"><\/td><td class=\"column-2\"><\/td><td class=\"column-3\"><strong>214<\/strong><\/td><td class=\"column-4\">BILLAORE AICHA<\/td><td class=\"column-5\">RABAT<\/td>\n<\/tr>\n<tr class=\"row-220\">\n\t<td class=\"column-1\"><\/td><td class=\"column-2\"><\/td><td class=\"column-3\"><strong>215<\/strong><\/td><td class=\"column-4\">BINTI KHALIL<\/td><td class=\"column-5\">Direction Provinciale de l Emploi et des Aff. soc. \u00e0 la Prov. de Berrechid<\/td>\n<\/tr>\n<tr class=\"row-221\">\n\t<td class=\"column-1\"><\/td><td class=\"column-2\"><\/td><td class=\"column-3\"><strong>216<\/strong><\/td><td class=\"column-4\">BLINDA SALMA<\/td><td class=\"column-5\">Direction R\u00e9gionale de l Emploi et des Affaires Sociales Rabat<\/td>\n<\/tr>\n<tr class=\"row-222\">\n\t<td class=\"column-1\"><\/td><td class=\"column-2\"><\/td><td class=\"column-3\"><strong>217<\/strong><\/td><td class=\"column-4\">BNINOU RKIA<\/td><td class=\"column-5\">Direction Provinciale de l Emploi et des Aff. soc. \u00e0 la Prov. d\u2019El Jadida<\/td>\n<\/tr>\n<tr class=\"row-223\">\n\t<td class=\"column-1\"><\/td><td class=\"column-2\"><\/td><td class=\"column-3\"><strong>218<\/strong><\/td><td class=\"column-4\">BOUACHRA OUAFAE<\/td><td class=\"column-5\">DIRECTION DES RESSOURCES HUMAINES,BUDGET ET AFF GENERALES<\/td>\n<\/tr>\n<tr class=\"row-224\">\n\t<td class=\"column-1\"><\/td><td class=\"column-2\"><\/td><td class=\"column-3\"><strong>219<\/strong><\/td><td class=\"column-4\">BOUALI HAYAT<\/td><td class=\"column-5\">Direction Provinciale de l Emploi et des Aff. soc. \u00e0 la Prov. d\u2019El Jadida<\/td>\n<\/tr>\n<tr class=\"row-225\">\n\t<td class=\"column-1\"><\/td><td class=\"column-2\"><\/td><td class=\"column-3\"><strong>220<\/strong><\/td><td class=\"column-4\">BOUASRIA MOHAMMED<\/td><td class=\"column-5\">Direction Provinciale de l Emploi et des Aff. soc. \u00e0 la Prov. de B\u00e9ni-Mellal<\/td>\n<\/tr>\n<tr class=\"row-226\">\n\t<td class=\"column-1\"><\/td><td class=\"column-2\"><\/td><td class=\"column-3\"><strong>221<\/strong><\/td><td class=\"column-4\">BOUBEKRI ABDELHAY<\/td><td class=\"column-5\">Direction Provinciale de l Emploi et des Aff. soc. \u00e0 la Prov. de Taroudant<\/td>\n<\/tr>\n<tr class=\"row-227\">\n\t<td class=\"column-1\"><\/td><td class=\"column-2\"><\/td><td class=\"column-3\"><strong>222<\/strong><\/td><td class=\"column-4\">BOUCHALGA MARYEM<\/td><td class=\"column-5\">Direction R\u00e9gionale de l Emploi et des Affaires Sociales Laayoune<\/td>\n<\/tr>\n<tr class=\"row-228\">\n\t<td class=\"column-1\"><\/td><td class=\"column-2\"><\/td><td class=\"column-3\"><strong>223<\/strong><\/td><td class=\"column-4\">BOUCHAM BRAHIM<\/td><td class=\"column-5\">DIRECTION DES RESSOURCES HUMAINES,BUDGET ET AFF GENERALES<\/td>\n<\/tr>\n<tr class=\"row-229\">\n\t<td class=\"column-1\"><\/td><td class=\"column-2\"><\/td><td class=\"column-3\"><strong>224<\/strong><\/td><td class=\"column-4\">BOUCHATER ALI<\/td><td class=\"column-5\">Direction R\u00e9gionale de l Emploi et des Affaires Sociales de Casablanca-Anfa<\/td>\n<\/tr>\n<tr class=\"row-230\">\n\t<td class=\"column-1\"><\/td><td class=\"column-2\"><\/td><td class=\"column-3\"><strong>225<\/strong><\/td><td class=\"column-4\">BOUCHERIT NOURA<\/td><td class=\"column-5\">Direction Provinciale de l Emploi et des Aff. soc. \u00e0 la Prov. d\u2019El Jadida<\/td>\n<\/tr>\n<tr class=\"row-231\">\n\t<td class=\"column-1\"><\/td><td class=\"column-2\"><\/td><td class=\"column-3\"><strong>226<\/strong><\/td><td class=\"column-4\">BOUCHOU ASMA<\/td><td class=\"column-5\">DIRECTION DE l Emploi<\/td>\n<\/tr>\n<tr class=\"row-232\">\n\t<td class=\"column-1\"><\/td><td class=\"column-2\"><\/td><td class=\"column-3\"><strong>227<\/strong><\/td><td class=\"column-4\">BOUDALI MOHAMED<\/td><td class=\"column-5\">Direction R\u00e9gionale de l Emploi et des Affaires Sociales F\u00e8s<\/td>\n<\/tr>\n<tr class=\"row-233\">\n\t<td class=\"column-1\"><\/td><td class=\"column-2\"><\/td><td class=\"column-3\"><strong>228<\/strong><\/td><td class=\"column-4\">BOUDALI ZHOR<\/td><td class=\"column-5\">Direction R\u00e9gionale de l Emploi et des Affaires Sociales F\u00e8s<\/td>\n<\/tr>\n<tr class=\"row-234\">\n\t<td class=\"column-1\"><\/td><td class=\"column-2\"><\/td><td class=\"column-3\"><strong>229<\/strong><\/td><td class=\"column-4\">BOUDARAA MOHAMMED<\/td><td class=\"column-5\">RABAT<\/td>\n<\/tr>\n<tr class=\"row-235\">\n\t<td class=\"column-1\"><\/td><td class=\"column-2\"><\/td><td class=\"column-3\"><strong>230<\/strong><\/td><td class=\"column-4\">BOUDOUCH KHALID<\/td><td class=\"column-5\">Direction Provinciale de l Emploi et des Aff. soc. \u00e0 la Prov. d\u2019El Jadida<\/td>\n<\/tr>\n<tr class=\"row-236\">\n\t<td class=\"column-1\"><\/td><td class=\"column-2\"><\/td><td class=\"column-3\"><strong>231<\/strong><\/td><td class=\"column-4\">BOUHAJA KAMAL<\/td><td class=\"column-5\">Direction R\u00e9gionale de l Emploi et des Affaires Sociales Tanger<\/td>\n<\/tr>\n<tr class=\"row-237\">\n\t<td class=\"column-1\"><\/td><td class=\"column-2\"><\/td><td class=\"column-3\"><strong>232<\/strong><\/td><td class=\"column-4\">BOUHARROU HASSAN<\/td><td class=\"column-5\">Direction Provinciale de l Emploi et des Aff. Soc. \u00e0 la Pr\u00e9fect. de Mekn\u00e8s<\/td>\n<\/tr>\n<tr class=\"row-238\">\n\t<td class=\"column-1\"><\/td><td class=\"column-2\"><\/td><td class=\"column-3\"><strong>233<\/strong><\/td><td class=\"column-4\">BOUHOUCH IBTISSAM<\/td><td class=\"column-5\">Direction Provinciale de l Emploi et des Aff. Soc. \u00e0 la Pr\u00e9fect. de Mekn\u00e8s<\/td>\n<\/tr>\n<tr class=\"row-239\">\n\t<td class=\"column-1\"><\/td><td class=\"column-2\"><\/td><td class=\"column-3\"><strong>234<\/strong><\/td><td class=\"column-4\">BOUIDIA AZIZA<\/td><td class=\"column-5\">Direction Regionale de l emploi et des Affaires Sociales Marrakech<\/td>\n<\/tr>\n<tr class=\"row-240\">\n\t<td class=\"column-1\"><\/td><td class=\"column-2\"><\/td><td class=\"column-3\"><strong>235<\/strong><\/td><td class=\"column-4\">BOUIFLANE BENAISSA<\/td><td class=\"column-5\">DIRECTION DE l Emploi<\/td>\n<\/tr>\n<tr class=\"row-241\">\n\t<td class=\"column-1\"><\/td><td class=\"column-2\"><\/td><td class=\"column-3\"><strong>236<\/strong><\/td><td class=\"column-4\">BOUJDAINE AMINA<\/td><td class=\"column-5\">DIRECTION DES RESSOURCES HUMAINES,BUDGET ET AFF GENERALES<\/td>\n<\/tr>\n<tr class=\"row-242\">\n\t<td class=\"column-1\"><\/td><td class=\"column-2\"><\/td><td class=\"column-3\"><strong>237<\/strong><\/td><td class=\"column-4\">BOUKANTAR ABDERAZAK<\/td><td class=\"column-5\">Direction Prov. de l\u2019Emp. et des Aff. Soc. \u00e0 la Pr\u00e9fec. Arrond. SidiBernoussi<\/td>\n<\/tr>\n<tr class=\"row-243\">\n\t<td class=\"column-1\"><\/td><td class=\"column-2\"><\/td><td class=\"column-3\"><strong>238<\/strong><\/td><td class=\"column-4\">BOUKAR LAMYAA<\/td><td class=\"column-5\">Direction R\u00e9gionale de l\u2019emploi et des Affaires Sociales Tanger<\/td>\n<\/tr>\n<tr class=\"row-244\">\n\t<td class=\"column-1\"><\/td><td class=\"column-2\"><\/td><td class=\"column-3\"><strong>239<\/strong><\/td><td class=\"column-4\">BOUKHALED MALIKA<\/td><td class=\"column-5\">Direction Provinciale de l\u2019Emploi et des Aff. soc. \u00e0 la Prov. de Khouribga<\/td>\n<\/tr>\n<tr class=\"row-245\">\n\t<td class=\"column-1\"><\/td><td class=\"column-2\"><\/td><td class=\"column-3\"><strong>240<\/strong><\/td><td class=\"column-4\">BOUKS MOHAMED<\/td><td class=\"column-5\">Direction Regionale de l emploi et des Affaires Sociales Agadir<\/td>\n<\/tr>\n<tr class=\"row-246\">\n\t<td class=\"column-1\"><\/td><td class=\"column-2\"><\/td><td class=\"column-3\"><strong>241<\/strong><\/td><td class=\"column-4\">BOULANOUAR ABDELHAQ<\/td><td class=\"column-5\">Direction Provinciale de l Emploi et des Aff. soc. \u00e0 la Prov. d\u2019Errachidia<\/td>\n<\/tr>\n<tr class=\"row-247\">\n\t<td class=\"column-1\"><\/td><td class=\"column-2\"><\/td><td class=\"column-3\"><strong>242<\/strong><\/td><td class=\"column-4\">BOULARBAH WAFAE<\/td><td class=\"column-5\">Direction Provinciale de l Emploi et des Aff. soc. \u00e0 la Prov. de sidi Slimane<\/td>\n<\/tr>\n<tr class=\"row-248\">\n\t<td class=\"column-1\"><\/td><td class=\"column-2\"><\/td><td class=\"column-3\"><strong>243<\/strong><\/td><td class=\"column-4\">BOUNOUA MOHAMMED<\/td><td class=\"column-5\">Direction de la cooperation internationale et du partenariat<\/td>\n<\/tr>\n<tr class=\"row-249\">\n\t<td class=\"column-1\"><\/td><td class=\"column-2\"><\/td><td class=\"column-3\"><strong>244<\/strong><\/td><td class=\"column-4\">BOUNOUAIR ABDELKRIM<\/td><td class=\"column-5\">Direction de l Observatoire National du Marche du Travail<\/td>\n<\/tr>\n<tr class=\"row-250\">\n\t<td class=\"column-1\"><\/td><td class=\"column-2\"><\/td><td class=\"column-3\"><strong>245<\/strong><\/td><td class=\"column-4\">BOURANE SAID<\/td><td class=\"column-5\">Direction Provinciale de l Emploi et des Aff. soc. \u00e0 la Prov. de Taroudant<\/td>\n<\/tr>\n<tr class=\"row-251\">\n\t<td class=\"column-1\"><\/td><td class=\"column-2\"><\/td><td class=\"column-3\"><strong>246<\/strong><\/td><td class=\"column-4\">BOURASS SONIA<\/td><td class=\"column-5\">DIRECTION DU TRAVAIL<\/td>\n<\/tr>\n<tr class=\"row-252\">\n\t<td class=\"column-1\"><\/td><td class=\"column-2\"><\/td><td class=\"column-3\"><strong>247<\/strong><\/td><td class=\"column-4\">BOURAYMI NADIA<\/td><td class=\"column-5\">Direction R\u00e9gionale de l Emploi et des Affaires Sociales Oujda<\/td>\n<\/tr>\n<tr class=\"row-253\">\n\t<td class=\"column-1\"><\/td><td class=\"column-2\"><\/td><td class=\"column-3\"><strong>248<\/strong><\/td><td class=\"column-4\">BOUREZZA ABDELHAKIM<\/td><td class=\"column-5\">Direction Provinciale de l Emploi et des Aff. soc. \u00e0 la Prov. de Kh\u00e9nifra<\/td>\n<\/tr>\n<tr class=\"row-254\">\n\t<td class=\"column-1\"><\/td><td class=\"column-2\"><\/td><td class=\"column-3\"><strong>249<\/strong><\/td><td class=\"column-4\">BOURI HASSAN<\/td><td class=\"column-5\">Direction R\u00e9gionale de l Emploi et des Affaires Sociales Laayoune<\/td>\n<\/tr>\n<tr class=\"row-255\">\n\t<td class=\"column-1\"><\/td><td class=\"column-2\"><\/td><td class=\"column-3\"><strong>250<\/strong><\/td><td class=\"column-4\">BOURICHTE AICHA<\/td><td class=\"column-5\">Direction R\u00e9gionale de l Emploi et des Affaires Sociales Laayoune<\/td>\n<\/tr>\n<tr class=\"row-256\">\n\t<td class=\"column-1\"><\/td><td class=\"column-2\"><\/td><td class=\"column-3\"><strong>251<\/strong><\/td><td class=\"column-4\">BOURJA RACHID<\/td><td class=\"column-5\">Direction Provinciale de l Emploi et des Aff. soc. \u00e0 la Prov. de Khouribga<\/td>\n<\/tr>\n<tr class=\"row-257\">\n\t<td class=\"column-1\"><\/td><td class=\"column-2\"><\/td><td class=\"column-3\"><strong>252<\/strong><\/td><td class=\"column-4\">BOURK ZOUBIDA<\/td><td class=\"column-5\">Direction Provinciale de l Emploi et des Aff. soc. \u00e0 la Prov. de Taroudant<\/td>\n<\/tr>\n<tr class=\"row-258\">\n\t<td class=\"column-1\"><\/td><td class=\"column-2\"><\/td><td class=\"column-3\"><strong>253<\/strong><\/td><td class=\"column-4\">BOUROUZ MALIK<\/td><td class=\"column-5\">Direction R\u00e9gionale de l Emploi et des Affaires Sociales Oujda<\/td>\n<\/tr>\n<tr class=\"row-259\">\n\t<td class=\"column-1\"><\/td><td class=\"column-2\"><\/td><td class=\"column-3\"><strong>254<\/strong><\/td><td class=\"column-4\">BOUSSATA MOUNIA<\/td><td class=\"column-5\">DIRECTION DES RESSOURCES HUMAINES,BUDGET ET AFF GENERALES<\/td>\n<\/tr>\n<tr class=\"row-260\">\n\t<td class=\"column-1\"><\/td><td class=\"column-2\"><\/td><td class=\"column-3\"><strong>255<\/strong><\/td><td class=\"column-4\">BOUSSENNA MOHAMMED<\/td><td class=\"column-5\">Direction R\u00e9gionale de l Emploi et des Affaires Sociales Oujda<\/td>\n<\/tr>\n<tr class=\"row-261\">\n\t<td class=\"column-1\"><\/td><td class=\"column-2\"><\/td><td class=\"column-3\"><strong>256<\/strong><\/td><td class=\"column-4\">BOUSSIF BRAHIM<\/td><td class=\"column-5\">DIRECTION DES RESSOURCES HUMAINES,BUDGET ET AFF GENERALES<\/td>\n<\/tr>\n<tr class=\"row-262\">\n\t<td class=\"column-1\"><\/td><td class=\"column-2\"><\/td><td class=\"column-3\"><strong>257<\/strong><\/td><td class=\"column-4\">BOUSSIF DRISS<\/td><td class=\"column-5\">Direction R\u00e9gionale de l\u2019emploi et des Affaires Sociales Agadir<\/td>\n<\/tr>\n<tr class=\"row-263\">\n\t<td class=\"column-1\"><\/td><td class=\"column-2\"><\/td><td class=\"column-3\"><strong>258<\/strong><\/td><td class=\"column-4\">BOUSSIF RAZOK<\/td><td class=\"column-5\">Marrakech<\/td>\n<\/tr>\n<tr class=\"row-264\">\n\t<td class=\"column-1\"><\/td><td class=\"column-2\"><\/td><td class=\"column-3\"><strong>259<\/strong><\/td><td class=\"column-4\">BOUSSOUF MUSTAPHA<\/td><td class=\"column-5\">Direction Provinciale de l Emploi et des Aff. soc. \u00e0 la Prov. de T\u00e9touan<\/td>\n<\/tr>\n<tr class=\"row-265\">\n\t<td class=\"column-1\"><\/td><td class=\"column-2\"><\/td><td class=\"column-3\"><strong>260<\/strong><\/td><td class=\"column-4\">BOUTAHLI AHMED<\/td><td class=\"column-5\">DIRECTION DE LA PROTECTION\/S. DES TRAVAILLEURS<\/td>\n<\/tr>\n<tr class=\"row-266\">\n\t<td class=\"column-1\"><\/td><td class=\"column-2\"><\/td><td class=\"column-3\"><strong>261<\/strong><\/td><td class=\"column-4\">BOUTAJ FADEL<\/td><td class=\"column-5\">Direction Provinciale de l Emploi et des Aff. soc. \u00e0 la Prov. de T\u00e9touan<\/td>\n<\/tr>\n<tr class=\"row-267\">\n\t<td class=\"column-1\"><\/td><td class=\"column-2\"><\/td><td class=\"column-3\"><strong>262<\/strong><\/td><td class=\"column-4\">BOUTARA KHADIJA<\/td><td class=\"column-5\">DIRECTION DES RESSOURCES HUMAINES,BUDGET ET AFF GENERALES<\/td>\n<\/tr>\n<tr class=\"row-268\">\n\t<td class=\"column-1\"><\/td><td class=\"column-2\"><\/td><td class=\"column-3\"><strong>263<\/strong><\/td><td class=\"column-4\">BOUTBOUQALT MOULOUD<\/td><td class=\"column-5\">Direction Provinciale de l Emploi et des Aff. soc. \u00e0 la Prov. de Taroudant<\/td>\n<\/tr>\n<tr class=\"row-269\">\n\t<td class=\"column-1\"><\/td><td class=\"column-2\"><\/td><td class=\"column-3\"><strong>264<\/strong><\/td><td class=\"column-4\">BOUTEMNI BRAHIM<\/td><td class=\"column-5\">Direction Provinciale de l\u2019Emploi et des Aff. soc. \u00e0 la Prov. de Tiznit<\/td>\n<\/tr>\n<tr class=\"row-270\">\n\t<td class=\"column-1\"><\/td><td class=\"column-2\"><\/td><td class=\"column-3\"><strong>265<\/strong><\/td><td class=\"column-4\">BOUTJANOUIT SARA<\/td><td class=\"column-5\">DIRECTION DES RESSOURCES HUMAINES,BUDGET ET AFF GENERALES<\/td>\n<\/tr>\n<tr class=\"row-271\">\n\t<td class=\"column-1\"><\/td><td class=\"column-2\"><\/td><td class=\"column-3\"><strong>266<\/strong><\/td><td class=\"column-4\">BOUYAHYAOUI YOUNES<\/td><td class=\"column-5\">Direction Provinciale de l Emploi et des Aff. soc. \u00e0 la Prov. de sidi Kacem<\/td>\n<\/tr>\n<tr class=\"row-272\">\n\t<td class=\"column-1\"><\/td><td class=\"column-2\"><\/td><td class=\"column-3\"><strong>267<\/strong><\/td><td class=\"column-4\">BOUZADDAGH SAMIRA<\/td><td class=\"column-5\">Direction Provinciale de l Emploi et des Aff. soc. \u00e0 la Prov. de sidi Slimane<\/td>\n<\/tr>\n<tr class=\"row-273\">\n\t<td class=\"column-1\"><\/td><td class=\"column-2\"><\/td><td class=\"column-3\"><strong>268<\/strong><\/td><td class=\"column-4\">BOUZARDA RACHID<\/td><td class=\"column-5\">Direction Provinciale de l Emploi et des Aff. soc. \u00e0 la Prov. d\u2019El Hoceima<\/td>\n<\/tr>\n<tr class=\"row-274\">\n\t<td class=\"column-1\"><\/td><td class=\"column-2\"><\/td><td class=\"column-3\"><strong>269<\/strong><\/td><td class=\"column-4\">BOUZARIANI NAJIA<\/td><td class=\"column-5\">FES<\/td>\n<\/tr>\n<tr class=\"row-275\">\n\t<td class=\"column-1\"><\/td><td class=\"column-2\"><\/td><td class=\"column-3\"><strong>270<\/strong><\/td><td class=\"column-4\">BRAITA ZOHRA<\/td><td class=\"column-5\">Direction Provinciale de l Emploi et des Aff. soc. \u00e0 la Prov. de Kenitra<\/td>\n<\/tr>\n<tr class=\"row-276\">\n\t<td class=\"column-1\"><\/td><td class=\"column-2\"><\/td><td class=\"column-3\"><strong>271<\/strong><\/td><td class=\"column-4\">BRIBRI SI MOHAMMED<\/td><td class=\"column-5\">INSPECTION GENERALE<\/td>\n<\/tr>\n<tr class=\"row-277\">\n\t<td class=\"column-1\"><\/td><td class=\"column-2\"><\/td><td class=\"column-3\"><strong>272<\/strong><\/td><td class=\"column-4\">BROUGI SAMIRA<\/td><td class=\"column-5\">DIRECTION DES RESSOURCES HUMAINES,BUDGET ET AFF GENERALES<\/td>\n<\/tr>\n<tr class=\"row-278\">\n\t<td class=\"column-1\"><\/td><td class=\"column-2\"><\/td><td class=\"column-3\"><strong>273<\/strong><\/td><td class=\"column-4\">CHAFI BADR<\/td><td class=\"column-5\">Direction Provinciale de l Emploi et des Aff. soc. \u00e0 la Prov. de Berrechid<\/td>\n<\/tr>\n<tr class=\"row-279\">\n\t<td class=\"column-1\"><\/td><td class=\"column-2\"><\/td><td class=\"column-3\"><strong>274<\/strong><\/td><td class=\"column-4\">CHAFIK KARIMA<\/td><td class=\"column-5\">DIRECTION DU TRAVAIL<\/td>\n<\/tr>\n<tr class=\"row-280\">\n\t<td class=\"column-1\"><\/td><td class=\"column-2\"><\/td><td class=\"column-3\"><strong>275<\/strong><\/td><td class=\"column-4\">CHAHHADI AMINE<\/td><td class=\"column-5\">Direction Provinciale de l Emploi et des Aff. soc. \u00e0 la Prov. de Khouribga<\/td>\n<\/tr>\n<tr class=\"row-281\">\n\t<td class=\"column-1\"><\/td><td class=\"column-2\"><\/td><td class=\"column-3\"><strong>276<\/strong><\/td><td class=\"column-4\">CHAKER ABDESSAMAD<\/td><td class=\"column-5\">DIRECTION DES RESSOURCES HUMAINES,BUDGET ET AFF GENERALES<\/td>\n<\/tr>\n<tr class=\"row-282\">\n\t<td class=\"column-1\"><\/td><td class=\"column-2\"><\/td><td class=\"column-3\"><strong>277<\/strong><\/td><td class=\"column-4\">CHAKIR AHMED<\/td><td class=\"column-5\">Direction Provinciale de l Emploi et des Aff. Soc. \u00e0 la Pr\u00e9fect. de Sal\u00e9<\/td>\n<\/tr>\n<tr class=\"row-283\">\n\t<td class=\"column-1\"><\/td><td class=\"column-2\"><\/td><td class=\"column-3\"><strong>278<\/strong><\/td><td class=\"column-4\">CHAKIR SOUAD<\/td><td class=\"column-5\">DIRECTION DES RESSOURCES HUMAINES,BUDGET ET AFF GENERALES<\/td>\n<\/tr>\n<tr class=\"row-284\">\n\t<td class=\"column-1\"><\/td><td class=\"column-2\"><\/td><td class=\"column-3\"><strong>279<\/strong><\/td><td class=\"column-4\">CHAKKOR ACHRAF<\/td><td class=\"column-5\">Direction Provinciale de l Emploi et des Aff. soc. \u00e0 la Prov. de T\u00e9touan<\/td>\n<\/tr>\n<tr class=\"row-285\">\n\t<td class=\"column-1\"><\/td><td class=\"column-2\"><\/td><td class=\"column-3\"><strong>280<\/strong><\/td><td class=\"column-4\">CHAKOUTI NOUR-EDDIN<\/td><td class=\"column-5\">Direction Provinciale de l Emploi et des Aff. soc. \u00e0 la Prov. de Nador<\/td>\n<\/tr>\n<tr class=\"row-286\">\n\t<td class=\"column-1\"><\/td><td class=\"column-2\"><\/td><td class=\"column-3\"><strong>281<\/strong><\/td><td class=\"column-4\">CHAMASSI ABDERRAHIM<\/td><td class=\"column-5\">DIRECTION DES RESSOURCES HUMAINES,BUDGET ET AFF GENERALES<\/td>\n<\/tr>\n<tr class=\"row-287\">\n\t<td class=\"column-1\"><\/td><td class=\"column-2\"><\/td><td class=\"column-3\"><strong>282<\/strong><\/td><td class=\"column-4\">CHAMROUK DRISS<\/td><td class=\"column-5\">Direction Provinciale de l Emploi et des Aff. soc. \u00e0 la Prov. de sidi Slimane<\/td>\n<\/tr>\n<tr class=\"row-288\">\n\t<td class=\"column-1\"><\/td><td class=\"column-2\"><\/td><td class=\"column-3\"><strong>283<\/strong><\/td><td class=\"column-4\">CHAOUQI MERYEM<\/td><td class=\"column-5\">SECRETARIAT GENERAL<\/td>\n<\/tr>\n<tr class=\"row-289\">\n\t<td class=\"column-1\"><\/td><td class=\"column-2\"><\/td><td class=\"column-3\"><strong>284<\/strong><\/td><td class=\"column-4\">CHAREF RACHID<\/td><td class=\"column-5\">Direction R\u00e9gionale de l Emploi et des Affaires Sociales F\u00e8s<\/td>\n<\/tr>\n<tr class=\"row-290\">\n\t<td class=\"column-1\"><\/td><td class=\"column-2\"><\/td><td class=\"column-3\"><strong>285<\/strong><\/td><td class=\"column-4\">CHAREF YASSINE<\/td><td class=\"column-5\">Direction Provinciale de l Emploi et des Aff. soc. \u00e0 la Prov. de Taza<\/td>\n<\/tr>\n<tr class=\"row-291\">\n\t<td class=\"column-1\"><\/td><td class=\"column-2\"><\/td><td class=\"column-3\"><strong>286<\/strong><\/td><td class=\"column-4\">CHARFI ABDELKADER<\/td><td class=\"column-5\">DIRECTION DU TRAVAIL<\/td>\n<\/tr>\n<tr class=\"row-292\">\n\t<td class=\"column-1\"><\/td><td class=\"column-2\"><\/td><td class=\"column-3\"><strong>287<\/strong><\/td><td class=\"column-4\">CHARIF OMAR<\/td><td class=\"column-5\">DIRECTION DES RESSOURCES HUMAINES,BUDGET ET AFF GENERALES<\/td>\n<\/tr>\n<tr class=\"row-293\">\n\t<td class=\"column-1\"><\/td><td class=\"column-2\"><\/td><td class=\"column-3\"><strong>288<\/strong><\/td><td class=\"column-4\">CHEBBAKI DRISS<\/td><td class=\"column-5\">Direction R\u00e9gionale de l Emploi et des Affaires Sociales Tanger<\/td>\n<\/tr>\n<tr class=\"row-294\">\n\t<td class=\"column-1\"><\/td><td class=\"column-2\"><\/td><td class=\"column-3\"><strong>289<\/strong><\/td><td class=\"column-4\">CHEBBAKI TOURIA<\/td><td class=\"column-5\">Direction R\u00e9gionale de l Emploi et des Affaires Sociales Tanger<\/td>\n<\/tr>\n<tr class=\"row-295\">\n\t<td class=\"column-1\"><\/td><td class=\"column-2\"><\/td><td class=\"column-3\"><strong>290<\/strong><\/td><td class=\"column-4\">CHEBLI NAJAT<\/td><td class=\"column-5\">DIRECTION DE l Emploi<\/td>\n<\/tr>\n<tr class=\"row-296\">\n\t<td class=\"column-1\"><\/td><td class=\"column-2\"><\/td><td class=\"column-3\"><strong>291<\/strong><\/td><td class=\"column-4\">CHEGRI BRAHIM<\/td><td class=\"column-5\">DIRECTION DES RESSOURCES HUMAINES,BUDGET ET AFF GENERALES<\/td>\n<\/tr>\n<tr class=\"row-297\">\n\t<td class=\"column-1\"><\/td><td class=\"column-2\"><\/td><td class=\"column-3\"><strong>292<\/strong><\/td><td class=\"column-4\">CHEIKHI HIND<\/td><td class=\"column-5\">DIRECTION DU TRAVAIL<\/td>\n<\/tr>\n<tr class=\"row-298\">\n\t<td class=\"column-1\"><\/td><td class=\"column-2\"><\/td><td class=\"column-3\"><strong>293<\/strong><\/td><td class=\"column-4\">CHEKRI IMAN<\/td><td class=\"column-5\">Direction Provinciale de l Emploi et des Aff. soc. \u00e0 la Prov. de T\u00e9touan<\/td>\n<\/tr>\n<tr class=\"row-299\">\n\t<td class=\"column-1\"><\/td><td class=\"column-2\"><\/td><td class=\"column-3\"><strong>294<\/strong><\/td><td class=\"column-4\">CHEMCHAKI AZIZ<\/td><td class=\"column-5\">Direction R\u00e9gionale de l Emploi et des Affaires Sociales Tanger<\/td>\n<\/tr>\n<tr class=\"row-300\">\n\t<td class=\"column-1\"><\/td><td class=\"column-2\"><\/td><td class=\"column-3\"><strong>295<\/strong><\/td><td class=\"column-4\">CHEMSSI YOSRA<\/td><td class=\"column-5\">DIRECTION DE l Emploi<\/td>\n<\/tr>\n<tr class=\"row-301\">\n\t<td class=\"column-1\"><\/td><td class=\"column-2\"><\/td><td class=\"column-3\"><strong>296<\/strong><\/td><td class=\"column-4\">CHENNAGUI WAFA<\/td><td class=\"column-5\">DIRECTION DE l Emploi<\/td>\n<\/tr>\n<tr class=\"row-302\">\n\t<td class=\"column-1\"><\/td><td class=\"column-2\"><\/td><td class=\"column-3\"><strong>297<\/strong><\/td><td class=\"column-4\">CHERGUI FATIHA<\/td><td class=\"column-5\">DIRECTION DES RESSOURCES HUMAINES,BUDGET ET AFF GENERALES<\/td>\n<\/tr>\n<tr class=\"row-303\">\n\t<td class=\"column-1\"><\/td><td class=\"column-2\"><\/td><td class=\"column-3\"><strong>298<\/strong><\/td><td class=\"column-4\">CHERGUI FATIMA<\/td><td class=\"column-5\">Direction R\u00e9gionale de l Emploi et des Affaires Sociales F\u00e8s<\/td>\n<\/tr>\n<tr class=\"row-304\">\n\t<td class=\"column-1\"><\/td><td class=\"column-2\"><\/td><td class=\"column-3\"><strong>299<\/strong><\/td><td class=\"column-4\">CHERIF DAFRA ABDERRAHIM<\/td><td class=\"column-5\">Direction R\u00e9gionale de l Emploi et des Affaires Sociales de Casablanca-Anfa<\/td>\n<\/tr>\n<tr class=\"row-305\">\n\t<td class=\"column-1\"><\/td><td class=\"column-2\"><\/td><td class=\"column-3\"><strong>300<\/strong><\/td><td class=\"column-4\">CHERIF OUAZZANI CHAHDI MARYAME<\/td><td class=\"column-5\">Direction Provinciale de l\u2019Emploi et des Aff. soc. \u00e0 la Prov. de T\u00e9touan<\/td>\n<\/tr>\n<tr class=\"row-306\">\n\t<td class=\"column-1\"><\/td><td class=\"column-2\"><\/td><td class=\"column-3\"><strong>301<\/strong><\/td><td class=\"column-4\">CHERKAOUI HANANE<\/td><td class=\"column-5\">DIRECTION DES RESSOURCES HUMAINES,BUDGET ET AFF GENERALES<\/td>\n<\/tr>\n<tr class=\"row-307\">\n\t<td class=\"column-1\"><\/td><td class=\"column-2\"><\/td><td class=\"column-3\"><strong>302<\/strong><\/td><td class=\"column-4\">CHERKAOUI LALLA SELOUA<\/td><td class=\"column-5\">DIRECTION DE l Emploi<\/td>\n<\/tr>\n<tr class=\"row-308\">\n\t<td class=\"column-1\"><\/td><td class=\"column-2\"><\/td><td class=\"column-3\"><strong>303<\/strong><\/td><td class=\"column-4\">CHERKAOUI SELLAMI THOURIA<\/td><td class=\"column-5\">Direction Provinciale de l Emploi et des Aff. soc. a la Prov. de Beni-Mellal<\/td>\n<\/tr>\n<tr class=\"row-309\">\n\t<td class=\"column-1\"><\/td><td class=\"column-2\"><\/td><td class=\"column-3\"><strong>304<\/strong><\/td><td class=\"column-4\">CHERQAOUI FATIMA-EZZAHRA<\/td><td class=\"column-5\">Direction Prov. de l\u2019Emp. et des Aff. Soc. \u00e0 la Pr\u00e9fec. Arrond. Fida-MersSultan<\/td>\n<\/tr>\n<tr class=\"row-310\">\n\t<td class=\"column-1\"><\/td><td class=\"column-2\"><\/td><td class=\"column-3\"><strong>305<\/strong><\/td><td class=\"column-4\">CHERTI HANANE<\/td><td class=\"column-5\">Direction Provinciale de l Emploi et des Aff. soc. \u00e0 la Prov. de Ben Slimane<\/td>\n<\/tr>\n<tr class=\"row-311\">\n\t<td class=\"column-1\"><\/td><td class=\"column-2\"><\/td><td class=\"column-3\"><strong>306<\/strong><\/td><td class=\"column-4\">CHETOUI MOHAMED<\/td><td class=\"column-5\">Direction Provinciale de l Emploi et des Aff. soc. \u00e0 la Prov. de Taounate<\/td>\n<\/tr>\n<tr class=\"row-312\">\n\t<td class=\"column-1\"><\/td><td class=\"column-2\"><\/td><td class=\"column-3\"><strong>307<\/strong><\/td><td class=\"column-4\">CHOUIEKH MOHAMED<\/td><td class=\"column-5\">SEFROU<\/td>\n<\/tr>\n<tr class=\"row-313\">\n\t<td class=\"column-1\"><\/td><td class=\"column-2\"><\/td><td class=\"column-3\"><strong>308<\/strong><\/td><td class=\"column-4\">CHOUKRANI KHALID<\/td><td class=\"column-5\">Direction Provinciale de l Emploi et des Aff. soc. \u00e0 la Prov. de Berrechid<\/td>\n<\/tr>\n<tr class=\"row-314\">\n\t<td class=\"column-1\"><\/td><td class=\"column-2\"><\/td><td class=\"column-3\"><strong>309<\/strong><\/td><td class=\"column-4\">CHOUKRI YOUNES<\/td><td class=\"column-5\">Direction Provinciale de l Emploi et des Aff. soc. \u00e0 la Prov. d\u2019Ouarzazate<\/td>\n<\/tr>\n<tr class=\"row-315\">\n\t<td class=\"column-1\"><\/td><td class=\"column-2\"><\/td><td class=\"column-3\"><strong>310<\/strong><\/td><td class=\"column-4\">CHRAK NADIA<\/td><td class=\"column-5\">DIRECTION DES RESSOURCES HUMAINES,BUDGET ET AFF GENERALES<\/td>\n<\/tr>\n<tr class=\"row-316\">\n\t<td class=\"column-1\"><\/td><td class=\"column-2\"><\/td><td class=\"column-3\"><strong>311<\/strong><\/td><td class=\"column-4\">CHTITAH KARIMA<\/td><td class=\"column-5\">DIRECTION DES RESSOURCES HUMAINES,BUDGET ET AFF GENERALES<\/td>\n<\/tr>\n<tr class=\"row-317\">\n\t<td class=\"column-1\"><\/td><td class=\"column-2\"><\/td><td class=\"column-3\"><strong>312<\/strong><\/td><td class=\"column-4\">DAALI AMINA<\/td><td class=\"column-5\">Direction R\u00e9gionale de l\u2019emploi et des Affaires Sociales Laayoune<\/td>\n<\/tr>\n<tr class=\"row-318\">\n\t<td class=\"column-1\"><\/td><td class=\"column-2\"><\/td><td class=\"column-3\"><strong>313<\/strong><\/td><td class=\"column-4\">DAHHANI TOURIA<\/td><td class=\"column-5\">Direction Provinciale de l Emploi et des Aff. Soc. \u00e0 la Pr\u00e9fect. de Sal\u00e9<\/td>\n<\/tr>\n<tr class=\"row-319\">\n\t<td class=\"column-1\"><\/td><td class=\"column-2\"><\/td><td class=\"column-3\"><strong>314<\/strong><\/td><td class=\"column-4\">DAHI SIDI LAAROUSSI<\/td><td class=\"column-5\">Direction R\u00e9gionale de l Emploi et des Affaires Sociales Laayoune<\/td>\n<\/tr>\n<tr class=\"row-320\">\n\t<td class=\"column-1\"><\/td><td class=\"column-2\"><\/td><td class=\"column-3\"><strong>315<\/strong><\/td><td class=\"column-4\">DAIDOU HATIM<\/td><td class=\"column-5\">Direction Provinciale de l Emploi et des Aff. soc. \u00e0 la Prov. de T\u00e9touan<\/td>\n<\/tr>\n<tr class=\"row-321\">\n\t<td class=\"column-1\"><\/td><td class=\"column-2\"><\/td><td class=\"column-3\"><strong>316<\/strong><\/td><td class=\"column-4\">DAKIR ZAHRA<\/td><td class=\"column-5\">Direction Provinciale de l Emploi et des Aff. soc. \u00e0 la Prov. de Kenitra<\/td>\n<\/tr>\n<tr class=\"row-322\">\n\t<td class=\"column-1\"><\/td><td class=\"column-2\"><\/td><td class=\"column-3\"><strong>317<\/strong><\/td><td class=\"column-4\">DAKKON HASSAN<\/td><td class=\"column-5\">Direction R\u00e9gionale de l\u2019emploi et des Affaires Sociales Tanger<\/td>\n<\/tr>\n<tr class=\"row-323\">\n\t<td class=\"column-1\"><\/td><td class=\"column-2\"><\/td><td class=\"column-3\"><strong>318<\/strong><\/td><td class=\"column-4\">DAOU ABDELLATIF<\/td><td class=\"column-5\">Direction R\u00e9gionale de l Emploi et des Affaires Sociales Safi<\/td>\n<\/tr>\n<tr class=\"row-324\">\n\t<td class=\"column-1\"><\/td><td class=\"column-2\"><\/td><td class=\"column-3\"><strong>319<\/strong><\/td><td class=\"column-4\">DAOUI MERIEM<\/td><td class=\"column-5\">Direction de la coop\u00e9ration internationale et du partenariat<\/td>\n<\/tr>\n<tr class=\"row-325\">\n\t<td class=\"column-1\"><\/td><td class=\"column-2\"><\/td><td class=\"column-3\"><strong>320<\/strong><\/td><td class=\"column-4\">DARKAOUI HICHAM<\/td><td class=\"column-5\">DIRECTION DES RESSOURCES HUMAINES,BUDGET ET AFF GENERALES<\/td>\n<\/tr>\n<tr class=\"row-326\">\n\t<td class=\"column-1\"><\/td><td class=\"column-2\"><\/td><td class=\"column-3\"><strong>321<\/strong><\/td><td class=\"column-4\">DARKAOUI NAFISSA<\/td><td class=\"column-5\">Direction R\u00e9gionale de l Emploi et des Affaires Sociales Oujda<\/td>\n<\/tr>\n<tr class=\"row-327\">\n\t<td class=\"column-1\"><\/td><td class=\"column-2\"><\/td><td class=\"column-3\"><strong>322<\/strong><\/td><td class=\"column-4\">DEGGOUCHI HAMZA<\/td><td class=\"column-5\">Direction Prov. de l\u2019Emp. et des Aff. Soc. \u00e0 la Pr\u00e9fec. Arrond. AinSebaHayMoham<\/td>\n<\/tr>\n<tr class=\"row-328\">\n\t<td class=\"column-1\"><\/td><td class=\"column-2\"><\/td><td class=\"column-3\"><strong>323<\/strong><\/td><td class=\"column-4\">DEMRANI MOUNIA<\/td><td class=\"column-5\">Direction Provinciale de l Emploi et des Aff. soc. \u00e0 la Prov. de Kh\u00e9nifra<\/td>\n<\/tr>\n<tr class=\"row-329\">\n\t<td class=\"column-1\"><\/td><td class=\"column-2\"><\/td><td class=\"column-3\"><strong>324<\/strong><\/td><td class=\"column-4\">DEROUICH NAIMA<\/td><td class=\"column-5\">Direction Provinciale de l Emploi et des Aff. soc. \u00e0 la Prov. de Khouribga<\/td>\n<\/tr>\n<tr class=\"row-330\">\n\t<td class=\"column-1\"><\/td><td class=\"column-2\"><\/td><td class=\"column-3\"><strong>325<\/strong><\/td><td class=\"column-4\">DERRAZI SALIMA<\/td><td class=\"column-5\">Direction Provinciale de l\u2019Emploi et des Aff. soc. \u00e0 la Prov. de Berkane<\/td>\n<\/tr>\n<tr class=\"row-331\">\n\t<td class=\"column-1\"><\/td><td class=\"column-2\"><\/td><td class=\"column-3\"><strong>326<\/strong><\/td><td class=\"column-4\">DINARI ISMAIL<\/td><td class=\"column-5\">Direction Provinciale de l Emploi et des Aff. soc. \u00e0 la Prov. d\u2019El Jadida<\/td>\n<\/tr>\n<tr class=\"row-332\">\n\t<td class=\"column-1\"><\/td><td class=\"column-2\"><\/td><td class=\"column-3\"><strong>327<\/strong><\/td><td class=\"column-4\">DJOULI KHADIJA<\/td><td class=\"column-5\">Direction R\u00e9gionale de l Emploi et des Affaires Sociales de Casablanca-Anfa<\/td>\n<\/tr>\n<tr class=\"row-333\">\n\t<td class=\"column-1\"><\/td><td class=\"column-2\"><\/td><td class=\"column-3\"><strong>328<\/strong><\/td><td class=\"column-4\">DLIMI SAMIRA<\/td><td class=\"column-5\">DIRECTION DU TRAVAIL<\/td>\n<\/tr>\n<tr class=\"row-334\">\n\t<td class=\"column-1\"><\/td><td class=\"column-2\"><\/td><td class=\"column-3\"><strong>329<\/strong><\/td><td class=\"column-4\">DOSTOBI MUSTAPHA<\/td><td class=\"column-5\">Direction Provinciale de l Emploi et des Aff. soc. \u00e0 la Prov. de Khouribga<\/td>\n<\/tr>\n<tr class=\"row-335\">\n\t<td class=\"column-1\"><\/td><td class=\"column-2\"><\/td><td class=\"column-3\"><strong>330<\/strong><\/td><td class=\"column-4\">DRAWAT AHMED<\/td><td class=\"column-5\">Direction R\u00e9gionale de l Emploi et des Affaires Sociales Rabat<\/td>\n<\/tr>\n<tr class=\"row-336\">\n\t<td class=\"column-1\"><\/td><td class=\"column-2\"><\/td><td class=\"column-3\"><strong>331<\/strong><\/td><td class=\"column-4\">DRIFE SAID<\/td><td class=\"column-5\">Direction Provinciale de l Emploi et des Aff. soc. \u00e0 la Prov. de Kh\u00e9nifra<\/td>\n<\/tr>\n<tr class=\"row-337\">\n\t<td class=\"column-1\"><\/td><td class=\"column-2\"><\/td><td class=\"column-3\"><strong>332<\/strong><\/td><td class=\"column-4\">DRIOUCH ALLAL<\/td><td class=\"column-5\">Direction Provinciale de l\u2019Emploi et des Aff. soc. \u00e0 la Prov. de sidi Slimane<\/td>\n<\/tr>\n<tr class=\"row-338\">\n\t<td class=\"column-1\"><\/td><td class=\"column-2\"><\/td><td class=\"column-3\"><strong>333<\/strong><\/td><td class=\"column-4\">DRIOUCH NORA<\/td><td class=\"column-5\">Direction R\u00e9gionale de l Emploi et des Affaires Sociales Safi<\/td>\n<\/tr>\n<tr class=\"row-339\">\n\t<td class=\"column-1\"><\/td><td class=\"column-2\"><\/td><td class=\"column-3\"><strong>334<\/strong><\/td><td class=\"column-4\">DRISSI ABDESSAMAD<\/td><td class=\"column-5\">Direction R\u00e9gionale de l Emploi et des Affaires Sociales de Casablanca-Anfa<\/td>\n<\/tr>\n<tr class=\"row-340\">\n\t<td class=\"column-1\"><\/td><td class=\"column-2\"><\/td><td class=\"column-3\"><strong>335<\/strong><\/td><td class=\"column-4\">DRISSI-SMAILI LALLA ZINEB<\/td><td class=\"column-5\">Direction Provinciale de l Emploi et des Aff. Soc. a la Prefect. SkhirateTemara<\/td>\n<\/tr>\n<tr class=\"row-341\">\n\t<td class=\"column-1\"><\/td><td class=\"column-2\"><\/td><td class=\"column-3\"><strong>336<\/strong><\/td><td class=\"column-4\">ECHAFAI SOUMIA<\/td><td class=\"column-5\">Direction Regionale de l Emploi et des Affaires Sociales Rabat<\/td>\n<\/tr>\n<tr class=\"row-342\">\n\t<td class=\"column-1\"><\/td><td class=\"column-2\"><\/td><td class=\"column-3\"><strong>337<\/strong><\/td><td class=\"column-4\">ECH-CHAFFANI ISMAIL<\/td><td class=\"column-5\">Direction R\u00e9gionale de l Emploi et des Affaires Sociales F\u00e8s<\/td>\n<\/tr>\n<tr class=\"row-343\">\n\t<td class=\"column-1\"><\/td><td class=\"column-2\"><\/td><td class=\"column-3\"><strong>338<\/strong><\/td><td class=\"column-4\">ECH-CHATBI SAHAR<\/td><td class=\"column-5\">DIRECTION DU TRAVAIL<\/td>\n<\/tr>\n<tr class=\"row-344\">\n\t<td class=\"column-1\"><\/td><td class=\"column-2\"><\/td><td class=\"column-3\"><strong>339<\/strong><\/td><td class=\"column-4\">ECHI-CHIBI ABDERRAHIM<\/td><td class=\"column-5\">Direction Provinciale de l Emploi et des Aff. Soc. \u00e0 la Pr\u00e9fect. de Sefrou<\/td>\n<\/tr>\n<tr class=\"row-345\">\n\t<td class=\"column-1\"><\/td><td class=\"column-2\"><\/td><td class=\"column-3\"><strong>340<\/strong><\/td><td class=\"column-4\">EDDAHBI SOUFIANE<\/td><td class=\"column-5\">Direction R\u00e9gionale de l Emploi et des Affaires Sociales de Casablanca-Anfa<\/td>\n<\/tr>\n<tr class=\"row-346\">\n\t<td class=\"column-1\"><\/td><td class=\"column-2\"><\/td><td class=\"column-3\"><strong>341<\/strong><\/td><td class=\"column-4\">ED-DAHBY IMANE<\/td><td class=\"column-5\">Direction Provinciale de l\u2019Emploi et des Aff. Soc. \u00e0 la Pr\u00e9fect. de Sefrou<\/td>\n<\/tr>\n<tr class=\"row-347\">\n\t<td class=\"column-1\"><\/td><td class=\"column-2\"><\/td><td class=\"column-3\"><strong>342<\/strong><\/td><td class=\"column-4\">EDDAOUDI HOUDA<\/td><td class=\"column-5\">Direction Provinciale de l Emploi et des Aff. Soc. \u00e0 la Pr\u00e9fect. de Sal\u00e9<\/td>\n<\/tr>\n<tr class=\"row-348\">\n\t<td class=\"column-1\"><\/td><td class=\"column-2\"><\/td><td class=\"column-3\"><strong>343<\/strong><\/td><td class=\"column-4\">EDEBICH SALAMA<\/td><td class=\"column-5\">Direction Provinciale de l\u2019Emploi et des Aff. Soc. \u00e0 la Pr\u00e9fect. de Sefrou<\/td>\n<\/tr>\n<tr class=\"row-349\">\n\t<td class=\"column-1\"><\/td><td class=\"column-2\"><\/td><td class=\"column-3\"><strong>344<\/strong><\/td><td class=\"column-4\">EJOUAMA SALAH EDDINE<\/td><td class=\"column-5\">Direction Provinciale de l Emploi et des Aff. soc. \u00e0 la Prov. de sidi Kacem<\/td>\n<\/tr>\n<tr class=\"row-350\">\n\t<td class=\"column-1\"><\/td><td class=\"column-2\"><\/td><td class=\"column-3\"><strong>345<\/strong><\/td><td class=\"column-4\">EL AAM AZIZ<\/td><td class=\"column-5\">DIRECTION DU TRAVAIL<\/td>\n<\/tr>\n<tr class=\"row-351\">\n\t<td class=\"column-1\"><\/td><td class=\"column-2\"><\/td><td class=\"column-3\"><strong>346<\/strong><\/td><td class=\"column-4\">EL AAZZOUZI EL HOSSEIN<\/td><td class=\"column-5\">Direction Provinciale de l Emploi et des Aff. soc. \u00e0 la Prov. de Nador<\/td>\n<\/tr>\n<tr class=\"row-352\">\n\t<td class=\"column-1\"><\/td><td class=\"column-2\"><\/td><td class=\"column-3\"><strong>347<\/strong><\/td><td class=\"column-4\">EL ABBADI ABDESLAM<\/td><td class=\"column-5\">Direction Provinciale de l Emploi et des Aff. soc. \u00e0 la Prov. de Larache<\/td>\n<\/tr>\n<tr class=\"row-353\">\n\t<td class=\"column-1\"><\/td><td class=\"column-2\"><\/td><td class=\"column-3\"><strong>348<\/strong><\/td><td class=\"column-4\">EL ABBASSI EL HASSAN<\/td><td class=\"column-5\">Direction R\u00e9gionale de l Emploi et des Affaires Sociales Rabat<\/td>\n<\/tr>\n<tr class=\"row-354\">\n\t<td class=\"column-1\"><\/td><td class=\"column-2\"><\/td><td class=\"column-3\"><strong>349<\/strong><\/td><td class=\"column-4\">EL ABDELLAOUI HALLA<\/td><td class=\"column-5\">Direction R\u00e9gionale de l\u2019Emploi et des Affaires Sociales de Casablanca-Anfa<\/td>\n<\/tr>\n<tr class=\"row-355\">\n\t<td class=\"column-1\"><\/td><td class=\"column-2\"><\/td><td class=\"column-3\"><strong>350<\/strong><\/td><td class=\"column-4\">EL ABDOUNI MOHAMED<\/td><td class=\"column-5\">Direction Provinciale de l Emploi et des Aff. soc. \u00e0 la Prov. d\u2019El Hoceima<\/td>\n<\/tr>\n<tr class=\"row-356\">\n\t<td class=\"column-1\"><\/td><td class=\"column-2\"><\/td><td class=\"column-3\"><strong>351<\/strong><\/td><td class=\"column-4\">EL ACHOURI KHADIJA<\/td><td class=\"column-5\">Direction R\u00e9gionale de l Emploi et des Affaires Sociales Rabat<\/td>\n<\/tr>\n<tr class=\"row-357\">\n\t<td class=\"column-1\"><\/td><td class=\"column-2\"><\/td><td class=\"column-3\"><strong>352<\/strong><\/td><td class=\"column-4\">EL ACHRAFI MAJD<\/td><td class=\"column-5\">Direction Provinciale de l Emploi et des Aff. soc. \u00e0 la Prov. de Larache<\/td>\n<\/tr>\n<tr class=\"row-358\">\n\t<td class=\"column-1\"><\/td><td class=\"column-2\"><\/td><td class=\"column-3\"><strong>353<\/strong><\/td><td class=\"column-4\">EL AHMADI MINA<\/td><td class=\"column-5\">RABAT<\/td>\n<\/tr>\n<tr class=\"row-359\">\n\t<td class=\"column-1\"><\/td><td class=\"column-2\"><\/td><td class=\"column-3\"><strong>354<\/strong><\/td><td class=\"column-4\">EL AJAJE ABDELJALIL<\/td><td class=\"column-5\">DIRECTION DU TRAVAIL<\/td>\n<\/tr>\n<tr class=\"row-360\">\n\t<td class=\"column-1\"><\/td><td class=\"column-2\"><\/td><td class=\"column-3\"><strong>355<\/strong><\/td><td class=\"column-4\">EL AJAJE ATIQA<\/td><td class=\"column-5\">Direction Provinciale de l Emploi et des Aff. Soc. \u00e0 la Pr\u00e9fect. SkhirateT\u00e9mara<\/td>\n<\/tr>\n<tr class=\"row-361\">\n\t<td class=\"column-1\"><\/td><td class=\"column-2\"><\/td><td class=\"column-3\"><strong>356<\/strong><\/td><td class=\"column-4\">EL ALAMI SOUFIANE<\/td><td class=\"column-5\">Direction Prov. de l\u2019Emp. et des Aff. Soc. \u00e0 la Pr\u00e9fec. Arrond. SidiBernoussi<\/td>\n<\/tr>\n<tr class=\"row-362\">\n\t<td class=\"column-1\"><\/td><td class=\"column-2\"><\/td><td class=\"column-3\"><strong>357<\/strong><\/td><td class=\"column-4\">EL ALAOUI MOHAMMED<\/td><td class=\"column-5\">Direction R\u00e9gionale de l Emploi et des Affaires Sociales Rabat<\/td>\n<\/tr>\n<tr class=\"row-363\">\n\t<td class=\"column-1\"><\/td><td class=\"column-2\"><\/td><td class=\"column-3\"><strong>358<\/strong><\/td><td class=\"column-4\">EL ALAOUI MOULAY HICHAM<\/td><td class=\"column-5\">Direction R\u00e9gionale de l Emploi et des Affaires Sociales Rabat<\/td>\n<\/tr>\n<tr class=\"row-364\">\n\t<td class=\"column-1\"><\/td><td class=\"column-2\"><\/td><td class=\"column-3\"><strong>359<\/strong><\/td><td class=\"column-4\">EL AMARI FARIDA<\/td><td class=\"column-5\">DIRECTION DU TRAVAIL<\/td>\n<\/tr>\n<tr class=\"row-365\">\n\t<td class=\"column-1\"><\/td><td class=\"column-2\"><\/td><td class=\"column-3\"><strong>360<\/strong><\/td><td class=\"column-4\">EL AMRANI NAJAH<\/td><td class=\"column-5\">Direction Provinciale de l Emploi et des Aff. soc. \u00e0 la Prov. de Taza<\/td>\n<\/tr>\n<tr class=\"row-366\">\n\t<td class=\"column-1\"><\/td><td class=\"column-2\"><\/td><td class=\"column-3\"><strong>361<\/strong><\/td><td class=\"column-4\">EL ARABY FATIMA<\/td><td class=\"column-5\">Direction Provinciale de l Emploi et des Aff. soc. \u00e0 la Prov. de B\u00e9ni-Mellal<\/td>\n<\/tr>\n<tr class=\"row-367\">\n\t<td class=\"column-1\"><\/td><td class=\"column-2\"><\/td><td class=\"column-3\"><strong>362<\/strong><\/td><td class=\"column-4\">EL ARRASY ABDELLAH<\/td><td class=\"column-5\">DIRECTION DES RESSOURCES HUMAINES,BUDGET ET AFF GENERALES<\/td>\n<\/tr>\n<tr class=\"row-368\">\n\t<td class=\"column-1\"><\/td><td class=\"column-2\"><\/td><td class=\"column-3\"><strong>363<\/strong><\/td><td class=\"column-4\">EL AZIZI ABDELLAH<\/td><td class=\"column-5\">Direction R\u00e9gionale de l\u2019Emploi et des Affaires Sociales Rabat<\/td>\n<\/tr>\n<tr class=\"row-369\">\n\t<td class=\"column-1\"><\/td><td class=\"column-2\"><\/td><td class=\"column-3\"><strong>364<\/strong><\/td><td class=\"column-4\">EL AZOUAZI AHMED<\/td><td class=\"column-5\">Direction de la coop\u00e9ration internationale et du partenariat<\/td>\n<\/tr>\n<tr class=\"row-370\">\n\t<td class=\"column-1\"><\/td><td class=\"column-2\"><\/td><td class=\"column-3\"><strong>365<\/strong><\/td><td class=\"column-4\">EL BACHIRI RAFIK<\/td><td class=\"column-5\">Direction R\u00e9gionale de l Emploi et des Affaires Sociales F\u00e8s<\/td>\n<\/tr>\n<tr class=\"row-371\">\n\t<td class=\"column-1\"><\/td><td class=\"column-2\"><\/td><td class=\"column-3\"><strong>366<\/strong><\/td><td class=\"column-4\">EL BADIR AHMED AMINE<\/td><td class=\"column-5\">Direction R\u00e9gionale de l Emploi et des Affaires Sociales Tanger<\/td>\n<\/tr>\n<tr class=\"row-372\">\n\t<td class=\"column-1\"><\/td><td class=\"column-2\"><\/td><td class=\"column-3\"><strong>367<\/strong><\/td><td class=\"column-4\">EL BAHI AISSA<\/td><td class=\"column-5\">Direction Provinciale de l Emploi et des Aff. soc. \u00e0 la Prov. de Khemisset<\/td>\n<\/tr>\n<tr class=\"row-373\">\n\t<td class=\"column-1\"><\/td><td class=\"column-2\"><\/td><td class=\"column-3\"><strong>368<\/strong><\/td><td class=\"column-4\">EL BAKALI KARIMA<\/td><td class=\"column-5\">Direction Provinciale de l Emploi et des Aff. soc. \u00e0 la Prov. d\u2019Essaouira<\/td>\n<\/tr>\n<tr class=\"row-374\">\n\t<td class=\"column-1\"><\/td><td class=\"column-2\"><\/td><td class=\"column-3\"><strong>369<\/strong><\/td><td class=\"column-4\">EL BAKKALI BOUCHRA<\/td><td class=\"column-5\">DIRECTION DU TRAVAIL<\/td>\n<\/tr>\n<tr class=\"row-375\">\n\t<td class=\"column-1\"><\/td><td class=\"column-2\"><\/td><td class=\"column-3\"><strong>370<\/strong><\/td><td class=\"column-4\">EL BARBOUCHI MOHAMED<\/td><td class=\"column-5\">Direction R\u00e9gionale de l Emploi et des Affaires Sociales Safi<\/td>\n<\/tr>\n<tr class=\"row-376\">\n\t<td class=\"column-1\"><\/td><td class=\"column-2\"><\/td><td class=\"column-3\"><strong>371<\/strong><\/td><td class=\"column-4\">EL BATOULI ABDELAZIZ<\/td><td class=\"column-5\">Direction Provinciale de l\u2019Emploi et des Aff. soc. \u00e0 la Prov. de Rhamna<\/td>\n<\/tr>\n<tr class=\"row-377\">\n\t<td class=\"column-1\"><\/td><td class=\"column-2\"><\/td><td class=\"column-3\"><strong>372<\/strong><\/td><td class=\"column-4\">EL BEKKALI MOHAMED<\/td><td class=\"column-5\">Direction R\u00e9gionale de l Emploi et des Affaires Sociales Tanger<\/td>\n<\/tr>\n<tr class=\"row-378\">\n\t<td class=\"column-1\"><\/td><td class=\"column-2\"><\/td><td class=\"column-3\"><strong>373<\/strong><\/td><td class=\"column-4\">EL BEKRI HANAA<\/td><td class=\"column-5\">Direction Provinciale de l Emploi et des Aff. Soc. \u00e0 la Pr\u00e9fect. de Mekn\u00e8s<\/td>\n<\/tr>\n<tr class=\"row-379\">\n\t<td class=\"column-1\"><\/td><td class=\"column-2\"><\/td><td class=\"column-3\"><strong>374<\/strong><\/td><td class=\"column-4\">EL BOUAZZAOUI MOHAMED<\/td><td class=\"column-5\">DIRECTION DES RESSOURCES HUMAINES,BUDGET ET AFF GENERALES<\/td>\n<\/tr>\n<tr class=\"row-380\">\n\t<td class=\"column-1\"><\/td><td class=\"column-2\"><\/td><td class=\"column-3\"><strong>375<\/strong><\/td><td class=\"column-4\">EL BOUHAFSSI KHALID<\/td><td class=\"column-5\">Direction Regionale de l emploi et des Affaires Sociales Marrakech<\/td>\n<\/tr>\n<tr class=\"row-381\">\n\t<td class=\"column-1\"><\/td><td class=\"column-2\"><\/td><td class=\"column-3\"><strong>376<\/strong><\/td><td class=\"column-4\">EL BOUHMI MOHAMED<\/td><td class=\"column-5\">DIRECTION DES RESSOURCES HUMAINES,BUDGET ET AFF GENERALES<\/td>\n<\/tr>\n<tr class=\"row-382\">\n\t<td class=\"column-1\"><\/td><td class=\"column-2\"><\/td><td class=\"column-3\"><strong>377<\/strong><\/td><td class=\"column-4\">EL BOUNOUHI MOHAMED<\/td><td class=\"column-5\">DIRECTION DES RESSOURCES HUMAINES,BUDGET ET AFF GENERALES<\/td>\n<\/tr>\n<tr class=\"row-383\">\n\t<td class=\"column-1\"><\/td><td class=\"column-2\"><\/td><td class=\"column-3\"><strong>378<\/strong><\/td><td class=\"column-4\">EL BOURAKADI MOURAD<\/td><td class=\"column-5\">Direction Provinciale de l Emploi et des Aff. soc. \u00e0 la Prov. de Taza<\/td>\n<\/tr>\n<tr class=\"row-384\">\n\t<td class=\"column-1\"><\/td><td class=\"column-2\"><\/td><td class=\"column-3\"><strong>379<\/strong><\/td><td class=\"column-4\">EL BOUSTANI YASSINE<\/td><td class=\"column-5\">Direction Provinciale de l Emploi et des Aff. soc. \u00e0 la Prov. d\u2019El Jadida<\/td>\n<\/tr>\n<tr class=\"row-385\">\n\t<td class=\"column-1\"><\/td><td class=\"column-2\"><\/td><td class=\"column-3\"><strong>380<\/strong><\/td><td class=\"column-4\">EL BRAKZI KHADIJA<\/td><td class=\"column-5\">DIRECTION DU TRAVAIL<\/td>\n<\/tr>\n<tr class=\"row-386\">\n\t<td class=\"column-1\"><\/td><td class=\"column-2\"><\/td><td class=\"column-3\"><strong>381<\/strong><\/td><td class=\"column-4\">EL FAHMI SARA<\/td><td class=\"column-5\">Direction R\u00e9gionale de l Emploi et des Affaires Sociales Tanger<\/td>\n<\/tr>\n<tr class=\"row-387\">\n\t<td class=\"column-1\"><\/td><td class=\"column-2\"><\/td><td class=\"column-3\"><strong>382<\/strong><\/td><td class=\"column-4\">EL FAHSSI ABDELMAOULA<\/td><td class=\"column-5\">Direction Provinciale de l Emploi et des Aff. soc. \u00e0 la Prov. de T\u00e9touan<\/td>\n<\/tr>\n<tr class=\"row-388\">\n\t<td class=\"column-1\"><\/td><td class=\"column-2\"><\/td><td class=\"column-3\"><strong>383<\/strong><\/td><td class=\"column-4\">EL FATNI SOUNDOUS<\/td><td class=\"column-5\">DIRECTION DES RESSOURCES HUMAINES,BUDGET ET AFF GENERALES<\/td>\n<\/tr>\n<tr class=\"row-389\">\n\t<td class=\"column-1\"><\/td><td class=\"column-2\"><\/td><td class=\"column-3\"><strong>384<\/strong><\/td><td class=\"column-4\">EL FATTOUHI YOUSSEF<\/td><td class=\"column-5\">Direction Provinciale de l Emploi et des Aff. soc. \u00e0 la Prov. d\u2019El Hoceima<\/td>\n<\/tr>\n<tr class=\"row-390\">\n\t<td class=\"column-1\"><\/td><td class=\"column-2\"><\/td><td class=\"column-3\"><strong>385<\/strong><\/td><td class=\"column-4\">EL FILALI EL MUSTAPHA<\/td><td class=\"column-5\">Direction R\u00e9gionale de l Emploi et des Affaires Sociales F\u00e8s<\/td>\n<\/tr>\n<tr class=\"row-391\">\n\t<td class=\"column-1\"><\/td><td class=\"column-2\"><\/td><td class=\"column-3\"><strong>386<\/strong><\/td><td class=\"column-4\">EL FILALI FATIMA<\/td><td class=\"column-5\">Direction R\u00e9gionale de l Emploi et des Affaires Sociales Safi<\/td>\n<\/tr>\n<tr class=\"row-392\">\n\t<td class=\"column-1\"><\/td><td class=\"column-2\"><\/td><td class=\"column-3\"><strong>387<\/strong><\/td><td class=\"column-4\">EL FILALI SAIDA<\/td><td class=\"column-5\">Direction Provinciale de l Emploi et des Aff. soc. \u00e0 la Prov. de Kenitra<\/td>\n<\/tr>\n<tr class=\"row-393\">\n\t<td class=\"column-1\"><\/td><td class=\"column-2\"><\/td><td class=\"column-3\"><strong>388<\/strong><\/td><td class=\"column-4\">EL FOURSA MOHAMED<\/td><td class=\"column-5\">RABAT<\/td>\n<\/tr>\n<tr class=\"row-394\">\n\t<td class=\"column-1\"><\/td><td class=\"column-2\"><\/td><td class=\"column-3\"><strong>389<\/strong><\/td><td class=\"column-4\">EL GAOUTE BOUCHAIB<\/td><td class=\"column-5\">Direction Provinciale de l Emploi et des Aff. Soc. \u00e0 la Pr\u00e9fect. de Mohammedia<\/td>\n<\/tr>\n<tr class=\"row-395\">\n\t<td class=\"column-1\"><\/td><td class=\"column-2\"><\/td><td class=\"column-3\"><strong>390<\/strong><\/td><td class=\"column-4\">EL GARD BOU-BAKR<\/td><td class=\"column-5\">Direction Provinciale de l\u2019Emploi et des Aff. soc. \u00e0 la Prov. de Tiznit<\/td>\n<\/tr>\n<tr class=\"row-396\">\n\t<td class=\"column-1\"><\/td><td class=\"column-2\"><\/td><td class=\"column-3\"><strong>391<\/strong><\/td><td class=\"column-4\">EL GHAOUTI HALIMA<\/td><td class=\"column-5\">Direction R\u00e9gionale de l Emploi et des Affaires Sociales F\u00e8s<\/td>\n<\/tr>\n<tr class=\"row-397\">\n\t<td class=\"column-1\"><\/td><td class=\"column-2\"><\/td><td class=\"column-3\"><strong>392<\/strong><\/td><td class=\"column-4\">EL GHARNATI MOHAMED<\/td><td class=\"column-5\">Direction R\u00e9gionale de l Emploi et des Affaires Sociales Agadir<\/td>\n<\/tr>\n<tr class=\"row-398\">\n\t<td class=\"column-1\"><\/td><td class=\"column-2\"><\/td><td class=\"column-3\"><strong>393<\/strong><\/td><td class=\"column-4\">EL GHOULBZOURI SALIM<\/td><td class=\"column-5\">Direction Provinciale de l\u2019Emploi et des Aff. soc. \u00e0 la Prov. d\u2019El Hoceima<\/td>\n<\/tr>\n<tr class=\"row-399\">\n\t<td class=\"column-1\"><\/td><td class=\"column-2\"><\/td><td class=\"column-3\"><strong>394<\/strong><\/td><td class=\"column-4\">EL GHRASLI MOHAMED<\/td><td class=\"column-5\">DIRECTION DES RESSOURCES HUMAINES,BUDGET ET AFF GENERALES<\/td>\n<\/tr>\n<tr class=\"row-400\">\n\t<td class=\"column-1\"><\/td><td class=\"column-2\"><\/td><td class=\"column-3\"><strong>395<\/strong><\/td><td class=\"column-4\">EL GUEDRAOUI SALAH-EDDINE<\/td><td class=\"column-5\">Direction Provinciale de l Emploi et des Aff. soc. \u00e0 la Prov. de Taza<\/td>\n<\/tr>\n<tr class=\"row-401\">\n\t<td class=\"column-1\"><\/td><td class=\"column-2\"><\/td><td class=\"column-3\"><strong>396<\/strong><\/td><td class=\"column-4\">EL GUENNOUNI KARIMA<\/td><td class=\"column-5\">Direction R\u00e9gionale de l Emploi et des Affaires Sociales Tanger<\/td>\n<\/tr>\n<tr class=\"row-402\">\n\t<td class=\"column-1\"><\/td><td class=\"column-2\"><\/td><td class=\"column-3\"><strong>397<\/strong><\/td><td class=\"column-4\">EL HABBI AHMED<\/td><td class=\"column-5\">DIRECTION DU TRAVAIL<\/td>\n<\/tr>\n<tr class=\"row-403\">\n\t<td class=\"column-1\"><\/td><td class=\"column-2\"><\/td><td class=\"column-3\"><strong>398<\/strong><\/td><td class=\"column-4\">EL HADDAD MOSTAPHA<\/td><td class=\"column-5\">Direction Provinciale de l Emploi et des Aff. soc. \u00e0 la Prov. d\u2019Ifrane<\/td>\n<\/tr>\n<tr class=\"row-404\">\n\t<td class=\"column-1\"><\/td><td class=\"column-2\"><\/td><td class=\"column-3\"><strong>399<\/strong><\/td><td class=\"column-4\">EL HADEF KAWTAR<\/td><td class=\"column-5\">Direction R\u00e9gionale de l Emploi et des Affaires Sociales Oujda<\/td>\n<\/tr>\n<tr class=\"row-405\">\n\t<td class=\"column-1\"><\/td><td class=\"column-2\"><\/td><td class=\"column-3\"><strong>400<\/strong><\/td><td class=\"column-4\">EL HADRI ABDELJALIL<\/td><td class=\"column-5\">Direction Provinciale de l Emploi et des Aff. soc. \u00e0 la Prov. de Taroudant<\/td>\n<\/tr>\n<tr class=\"row-406\">\n\t<td class=\"column-1\"><\/td><td class=\"column-2\"><\/td><td class=\"column-3\"><strong>401<\/strong><\/td><td class=\"column-4\">EL HAJJI FOUZIA<\/td><td class=\"column-5\">Direction Provinciale de l Emploi et des Aff. soc. \u00e0 la Prov. de Taza<\/td>\n<\/tr>\n<tr class=\"row-407\">\n\t<td class=\"column-1\"><\/td><td class=\"column-2\"><\/td><td class=\"column-3\"><strong>402<\/strong><\/td><td class=\"column-4\">EL HAMDANI LAHSEN<\/td><td class=\"column-5\">Direction Provinciale de l Emploi et des Aff. soc. \u00e0 la Prov. de Khemisset<\/td>\n<\/tr>\n<tr class=\"row-408\">\n\t<td class=\"column-1\"><\/td><td class=\"column-2\"><\/td><td class=\"column-3\"><strong>403<\/strong><\/td><td class=\"column-4\">EL HAMDOUCHI RAHMA<\/td><td class=\"column-5\">DIRECTION DE l Emploi<\/td>\n<\/tr>\n<tr class=\"row-409\">\n\t<td class=\"column-1\"><\/td><td class=\"column-2\"><\/td><td class=\"column-3\"><strong>404<\/strong><\/td><td class=\"column-4\">EL HAMMOUMI MINA<\/td><td class=\"column-5\">DIRECTION DES RESSOURCES HUMAINES,BUDGET ET AFF GENERALES<\/td>\n<\/tr>\n<tr class=\"row-410\">\n\t<td class=\"column-1\"><\/td><td class=\"column-2\"><\/td><td class=\"column-3\"><strong>405<\/strong><\/td><td class=\"column-4\">EL HAMMOUMI MOUNA<\/td><td class=\"column-5\">INSPECTION GENERALE<\/td>\n<\/tr>\n<tr class=\"row-411\">\n\t<td class=\"column-1\"><\/td><td class=\"column-2\"><\/td><td class=\"column-3\"><strong>406<\/strong><\/td><td class=\"column-4\">EL HANAFI FATIMA EZZAHRA<\/td><td class=\"column-5\">Direction Provinciale de l Emploi et des Aff. Soc. \u00e0 la Pr\u00e9fect. de Mohammedia<\/td>\n<\/tr>\n<tr class=\"row-412\">\n\t<td class=\"column-1\"><\/td><td class=\"column-2\"><\/td><td class=\"column-3\"><strong>407<\/strong><\/td><td class=\"column-4\">EL HANGOURI JILALI<\/td><td class=\"column-5\">DIRECTION DU TRAVAIL<\/td>\n<\/tr>\n<tr class=\"row-413\">\n\t<td class=\"column-1\"><\/td><td class=\"column-2\"><\/td><td class=\"column-3\"><strong>408<\/strong><\/td><td class=\"column-4\">EL HANINE EL HOUCINE<\/td><td class=\"column-5\">Direction Provinciale de l Emploi et des Aff. soc. \u00e0 la Prov. d\u2019EL KelaaSraghna<\/td>\n<\/tr>\n<tr class=\"row-414\">\n\t<td class=\"column-1\"><\/td><td class=\"column-2\"><\/td><td class=\"column-3\"><strong>409<\/strong><\/td><td class=\"column-4\">EL HARCHI FOUZIA<\/td><td class=\"column-5\">Direction Provinciale de l\u2019Emploi et des Aff. Soc. \u00e0 la Pr\u00e9fect. de Sal\u00e9<\/td>\n<\/tr>\n<tr class=\"row-415\">\n\t<td class=\"column-1\"><\/td><td class=\"column-2\"><\/td><td class=\"column-3\"><strong>410<\/strong><\/td><td class=\"column-4\">EL HART HAMID<\/td><td class=\"column-5\">Direction Provinciale de l Emploi et des Aff. soc. \u00e0 la Prov. d\u2019Errachidia<\/td>\n<\/tr>\n<tr class=\"row-416\">\n\t<td class=\"column-1\"><\/td><td class=\"column-2\"><\/td><td class=\"column-3\"><strong>411<\/strong><\/td><td class=\"column-4\">EL HASSANI AMINA<\/td><td class=\"column-5\">Direction Provinciale de l\u2019Emploi et des Aff. Soc. \u00e0 la Pr\u00e9fect. SkhirateT\u00e9mara<\/td>\n<\/tr>\n<tr class=\"row-417\">\n\t<td class=\"column-1\"><\/td><td class=\"column-2\"><\/td><td class=\"column-3\"><strong>412<\/strong><\/td><td class=\"column-4\">EL HASSANY SABRINE<\/td><td class=\"column-5\">Direction Prov. de l\u2019Emp. et des Aff. Soc. \u00e0 la Pr\u00e9fec. Arrond. Fida-MersSultan<\/td>\n<\/tr>\n<tr class=\"row-418\">\n\t<td class=\"column-1\"><\/td><td class=\"column-2\"><\/td><td class=\"column-3\"><strong>413<\/strong><\/td><td class=\"column-4\">EL HELYMY KHADIJA<\/td><td class=\"column-5\">Direction de l\u2019Observatoire National du March\u00e9 du Travail<\/td>\n<\/tr>\n<tr class=\"row-419\">\n\t<td class=\"column-1\"><\/td><td class=\"column-2\"><\/td><td class=\"column-3\"><strong>414<\/strong><\/td><td class=\"column-4\">EL HILAA HASNAA<\/td><td class=\"column-5\">Direction de l\u2019Observatoire National du March\u00e9 du Travail<\/td>\n<\/tr>\n<tr class=\"row-420\">\n\t<td class=\"column-1\"><\/td><td class=\"column-2\"><\/td><td class=\"column-3\"><strong>415<\/strong><\/td><td class=\"column-4\">EL HILALI AMINA<\/td><td class=\"column-5\">DIRECTION DU TRAVAIL<\/td>\n<\/tr>\n<tr class=\"row-421\">\n\t<td class=\"column-1\"><\/td><td class=\"column-2\"><\/td><td class=\"column-3\"><strong>416<\/strong><\/td><td class=\"column-4\">EL HILOUANI ABDESSAMAD<\/td><td class=\"column-5\">Direction Prov. de l\u2019Emp. et des Aff. Soc. \u00e0 la Pr\u00e9fec. Arrond. de Ben M\u2019sik<\/td>\n<\/tr>\n<tr class=\"row-422\">\n\t<td class=\"column-1\"><\/td><td class=\"column-2\"><\/td><td class=\"column-3\"><strong>417<\/strong><\/td><td class=\"column-4\">EL HNICH LOUBNA<\/td><td class=\"column-5\">Direction de l\u2019Observatoire National du March\u00e9 du Travail<\/td>\n<\/tr>\n<tr class=\"row-423\">\n\t<td class=\"column-1\"><\/td><td class=\"column-2\"><\/td><td class=\"column-3\"><strong>418<\/strong><\/td><td class=\"column-4\">EL HZIMRI NAZIHA<\/td><td class=\"column-5\">Direction Provinciale de l Emploi et des Aff. soc. \u00e0 la Prov. de Chefchaoun<\/td>\n<\/tr>\n<tr class=\"row-424\">\n\t<td class=\"column-1\"><\/td><td class=\"column-2\"><\/td><td class=\"column-3\"><strong>419<\/strong><\/td><td class=\"column-4\">EL IDRISSI ABDENNASSER<\/td><td class=\"column-5\">Direction de l\u2019Observatoire National du March\u00e9 du Travail<\/td>\n<\/tr>\n<tr class=\"row-425\">\n\t<td class=\"column-1\"><\/td><td class=\"column-2\"><\/td><td class=\"column-3\"><strong>420<\/strong><\/td><td class=\"column-4\">EL IDRISSI MOUBTASSIM SALMA<\/td><td class=\"column-5\">Direction Provinciale de l Emploi et des Aff. soc. \u00e0 la Prov. d\u2019Essaouira<\/td>\n<\/tr>\n<tr class=\"row-426\">\n\t<td class=\"column-1\"><\/td><td class=\"column-2\"><\/td><td class=\"column-3\"><strong>421<\/strong><\/td><td class=\"column-4\">EL JAAFARI EL KBIRA<\/td><td class=\"column-5\">Direction de la coop\u00e9ration internationale et du partenariat<\/td>\n<\/tr>\n<tr class=\"row-427\">\n\t<td class=\"column-1\"><\/td><td class=\"column-2\"><\/td><td class=\"column-3\"><strong>422<\/strong><\/td><td class=\"column-4\">EL JOUALI OUSSAMA<\/td><td class=\"column-5\">Direction R\u00e9gionale de l Emploi et des Affaires Sociales Marrakech<\/td>\n<\/tr>\n<tr class=\"row-428\">\n\t<td class=\"column-1\"><\/td><td class=\"column-2\"><\/td><td class=\"column-3\"><strong>423<\/strong><\/td><td class=\"column-4\">EL JOUNAIDI BADR<\/td><td class=\"column-5\">Direction R\u00e9gionale de l Emploi et des Affaires Sociales Tanger<\/td>\n<\/tr>\n<tr class=\"row-429\">\n\t<td class=\"column-1\"><\/td><td class=\"column-2\"><\/td><td class=\"column-3\"><strong>424<\/strong><\/td><td class=\"column-4\">EL KACHOUTI HAMID<\/td><td class=\"column-5\">Direction Provinciale de l\u2019Emploi et des Aff. soc. \u00e0 la Prov. de Nador<\/td>\n<\/tr>\n<tr class=\"row-430\">\n\t<td class=\"column-1\"><\/td><td class=\"column-2\"><\/td><td class=\"column-3\"><strong>425<\/strong><\/td><td class=\"column-4\">EL KADDARI Mohamed<\/td><td class=\"column-5\">Direction Provinciale de l\u2019Emploi et des Aff. Soc. \u00e0 la Pr\u00e9fect. de Mekn\u00e8s<\/td>\n<\/tr>\n<tr class=\"row-431\">\n\t<td class=\"column-1\"><\/td><td class=\"column-2\"><\/td><td class=\"column-3\"><strong>426<\/strong><\/td><td class=\"column-4\">EL KAHLAOUI AYAD<\/td><td class=\"column-5\">Direction R\u00e9gionale de l Emploi et des Affaires Sociales Oujda<\/td>\n<\/tr>\n<tr class=\"row-432\">\n\t<td class=\"column-1\"><\/td><td class=\"column-2\"><\/td><td class=\"column-3\"><strong>427<\/strong><\/td><td class=\"column-4\">EL KANDOUSSI NOUR-EL HOUDA<\/td><td class=\"column-5\">Direction Provinciale de l Emploi et des Aff. soc. \u00e0 la Prov. d\u2019Ifrane<\/td>\n<\/tr>\n<tr class=\"row-433\">\n\t<td class=\"column-1\"><\/td><td class=\"column-2\"><\/td><td class=\"column-3\"><strong>428<\/strong><\/td><td class=\"column-4\">EL KARKRI ASMAA<\/td><td class=\"column-5\">Direction R\u00e9gionale de l Emploi et des Affaires Sociales Tanger<\/td>\n<\/tr>\n<tr class=\"row-434\">\n\t<td class=\"column-1\"><\/td><td class=\"column-2\"><\/td><td class=\"column-3\"><strong>429<\/strong><\/td><td class=\"column-4\">EL KASMI ZOUHAIR<\/td><td class=\"column-5\">Direction R\u00e9gionale de l Emploi et des Affaires Sociales F\u00e8s<\/td>\n<\/tr>\n<tr class=\"row-435\">\n\t<td class=\"column-1\"><\/td><td class=\"column-2\"><\/td><td class=\"column-3\"><strong>430<\/strong><\/td><td class=\"column-4\">EL KESSIRE BADR<\/td><td class=\"column-5\">Direction Provinciale de l Emploi et des Aff. soc. \u00e0 la Prov. de T\u00e9touan<\/td>\n<\/tr>\n<tr class=\"row-436\">\n\t<td class=\"column-1\"><\/td><td class=\"column-2\"><\/td><td class=\"column-3\"><strong>431<\/strong><\/td><td class=\"column-4\">EL KETTANI LALLA NAJLAA<\/td><td class=\"column-5\">DIRECTION DU TRAVAIL<\/td>\n<\/tr>\n<tr class=\"row-437\">\n\t<td class=\"column-1\"><\/td><td class=\"column-2\"><\/td><td class=\"column-3\"><strong>432<\/strong><\/td><td class=\"column-4\">EL KHABBAZ MOHAMMED<\/td><td class=\"column-5\">Direction R\u00e9gionale de l Emploi et des Affaires Sociales Rabat<\/td>\n<\/tr>\n<tr class=\"row-438\">\n\t<td class=\"column-1\"><\/td><td class=\"column-2\"><\/td><td class=\"column-3\"><strong>433<\/strong><\/td><td class=\"column-4\">EL KHALDI MERYEM<\/td><td class=\"column-5\">Direction Provinciale de l Emploi et des Aff. Soc. \u00e0 la Pr\u00e9fect. de Sal\u00e9<\/td>\n<\/tr>\n<tr class=\"row-439\">\n\t<td class=\"column-1\"><\/td><td class=\"column-2\"><\/td><td class=\"column-3\"><strong>434<\/strong><\/td><td class=\"column-4\">EL KHALIFA LALLA HASNA<\/td><td class=\"column-5\">Direction R\u00e9gionale de l Emploi et des Affaires Sociales Marrakech<\/td>\n<\/tr>\n<tr class=\"row-440\">\n\t<td class=\"column-1\"><\/td><td class=\"column-2\"><\/td><td class=\"column-3\"><strong>435<\/strong><\/td><td class=\"column-4\">EL KHANTOUR MARYAM<\/td><td class=\"column-5\">Direction R\u00e9gionale de l Emploi et des Affaires Sociales Rabat<\/td>\n<\/tr>\n<tr class=\"row-441\">\n\t<td class=\"column-1\"><\/td><td class=\"column-2\"><\/td><td class=\"column-3\"><strong>436<\/strong><\/td><td class=\"column-4\">EL KHATAT SIDI EL MAHJOUB<\/td><td class=\"column-5\">Direction R\u00e9gionale de l Emploi et des Affaires Sociales Laayoune<\/td>\n<\/tr>\n<tr class=\"row-442\">\n\t<td class=\"column-1\"><\/td><td class=\"column-2\"><\/td><td class=\"column-3\"><strong>437<\/strong><\/td><td class=\"column-4\">EL KHATTABI LAHCEN<\/td><td class=\"column-5\">DIRECTION DES RESSOURCES HUMAINES,BUDGET ET AFF GENERALES<\/td>\n<\/tr>\n<tr class=\"row-443\">\n\t<td class=\"column-1\"><\/td><td class=\"column-2\"><\/td><td class=\"column-3\"><strong>438<\/strong><\/td><td class=\"column-4\">EL KHATTABI RACHID<\/td><td class=\"column-5\">Direction R\u00e9gionale de l Emploi et des Affaires Sociales Oujda<\/td>\n<\/tr>\n<tr class=\"row-444\">\n\t<td class=\"column-1\"><\/td><td class=\"column-2\"><\/td><td class=\"column-3\"><strong>439<\/strong><\/td><td class=\"column-4\">EL KHAWA ISMAIL<\/td><td class=\"column-5\">Direction R\u00e9gionale de l Emploi et des Affaires Sociales Agadir<\/td>\n<\/tr>\n<tr class=\"row-445\">\n\t<td class=\"column-1\"><\/td><td class=\"column-2\"><\/td><td class=\"column-3\"><strong>440<\/strong><\/td><td class=\"column-4\">EL KHAYATY ABDELHADI<\/td><td class=\"column-5\">Direction Provinciale de l\u2019Emploi et des Aff. soc. \u00e0 la Prov. de Settat<\/td>\n<\/tr>\n<tr class=\"row-446\">\n\t<td class=\"column-1\"><\/td><td class=\"column-2\"><\/td><td class=\"column-3\"><strong>441<\/strong><\/td><td class=\"column-4\">EL KHAZZARI ABDELKRIM<\/td><td class=\"column-5\">DIRECTION DES RESSOURCES HUMAINES,BUDGET ET AFF GENERALES<\/td>\n<\/tr>\n<tr class=\"row-447\">\n\t<td class=\"column-1\"><\/td><td class=\"column-2\"><\/td><td class=\"column-3\"><strong>442<\/strong><\/td><td class=\"column-4\">EL KORTOBI YOUSSEF<\/td><td class=\"column-5\">DIRECTION DU TRAVAIL<\/td>\n<\/tr>\n<tr class=\"row-448\">\n\t<td class=\"column-1\"><\/td><td class=\"column-2\"><\/td><td class=\"column-3\"><strong>443<\/strong><\/td><td class=\"column-4\">EL LBEN ABDENABI<\/td><td class=\"column-5\">Direction Provinciale de l\u2019Emploi et des Aff. soc. \u00e0 la Prov. de Berkane<\/td>\n<\/tr>\n<tr class=\"row-449\">\n\t<td class=\"column-1\"><\/td><td class=\"column-2\"><\/td><td class=\"column-3\"><strong>444<\/strong><\/td><td class=\"column-4\">EL MAAIDLI MANAL<\/td><td class=\"column-5\">Direction Provinciale de l Emploi et des Aff. soc. \u00e0 la Prov. de Kenitra<\/td>\n<\/tr>\n<tr class=\"row-450\">\n\t<td class=\"column-1\"><\/td><td class=\"column-2\"><\/td><td class=\"column-3\"><strong>445<\/strong><\/td><td class=\"column-4\">EL MADANY ABDELLATIF<\/td><td class=\"column-5\">Direction R\u00e9gionale de l Emploi et des Affaires Sociales Laayoune<\/td>\n<\/tr>\n<tr class=\"row-451\">\n\t<td class=\"column-1\"><\/td><td class=\"column-2\"><\/td><td class=\"column-3\"><strong>446<\/strong><\/td><td class=\"column-4\">EL MAIDI ZHOUR<\/td><td class=\"column-5\">Direction Provinciale de l Emploi et des Aff. Soc. \u00e0 la Pr\u00e9fect. SkhirateT\u00e9mara<\/td>\n<\/tr>\n<tr class=\"row-452\">\n\t<td class=\"column-1\"><\/td><td class=\"column-2\"><\/td><td class=\"column-3\"><strong>447<\/strong><\/td><td class=\"column-4\">EL MALIKI SANAA<\/td><td class=\"column-5\">Direction R\u00e9gionale de l Emploi et des Affaires Sociales Rabat<\/td>\n<\/tr>\n<tr class=\"row-453\">\n\t<td class=\"column-1\"><\/td><td class=\"column-2\"><\/td><td class=\"column-3\"><strong>448<\/strong><\/td><td class=\"column-4\">EL MALOUKI FATIMA<\/td><td class=\"column-5\">Direction R\u00e9gionale de l Emploi et des Affaires Sociales Agadir<\/td>\n<\/tr>\n<tr class=\"row-454\">\n\t<td class=\"column-1\"><\/td><td class=\"column-2\"><\/td><td class=\"column-3\"><strong>449<\/strong><\/td><td class=\"column-4\">EL MANSOURI YAMINA<\/td><td class=\"column-5\">RABAT<\/td>\n<\/tr>\n<tr class=\"row-455\">\n\t<td class=\"column-1\"><\/td><td class=\"column-2\"><\/td><td class=\"column-3\"><strong>450<\/strong><\/td><td class=\"column-4\">EL MANSOURI ZINEB<\/td><td class=\"column-5\">DIRECTION DES RESSOURCES HUMAINES,BUDGET ET AFF GENERALES<\/td>\n<\/tr>\n<tr class=\"row-456\">\n\t<td class=\"column-1\"><\/td><td class=\"column-2\"><\/td><td class=\"column-3\"><strong>451<\/strong><\/td><td class=\"column-4\">EL MAQDOURI ABDERRAZZAK<\/td><td class=\"column-5\">Direction de l\u2019Observatoire National du March\u00e9 du Travail<\/td>\n<\/tr>\n<tr class=\"row-457\">\n\t<td class=\"column-1\"><\/td><td class=\"column-2\"><\/td><td class=\"column-3\"><strong>452<\/strong><\/td><td class=\"column-4\">EL MARISS JMAIAA<\/td><td class=\"column-5\">Direction Provinciale de l Emploi et des Aff. soc. \u00e0 la Prov. de Tan-Tan<\/td>\n<\/tr>\n<tr class=\"row-458\">\n\t<td class=\"column-1\"><\/td><td class=\"column-2\"><\/td><td class=\"column-3\"><strong>453<\/strong><\/td><td class=\"column-4\">EL MASSAOUDI MOHAMMED<\/td><td class=\"column-5\">Direction R\u00e9gionale de l Emploi et des Affaires Sociales de Casablanca-Anfa<\/td>\n<\/tr>\n<tr class=\"row-459\">\n\t<td class=\"column-1\"><\/td><td class=\"column-2\"><\/td><td class=\"column-3\"><strong>454<\/strong><\/td><td class=\"column-4\">EL MASSOUMI MOHAMED MAHMOUD<\/td><td class=\"column-5\">Direction R\u00e9gionale de l Emploi et des Affaires Sociales Laayoune<\/td>\n<\/tr>\n<tr class=\"row-460\">\n\t<td class=\"column-1\"><\/td><td class=\"column-2\"><\/td><td class=\"column-3\"><strong>455<\/strong><\/td><td class=\"column-4\">EL MEKKAOUI MUSTAPHA<\/td><td class=\"column-5\">INSPECTION GENERALE<\/td>\n<\/tr>\n<tr class=\"row-461\">\n\t<td class=\"column-1\"><\/td><td class=\"column-2\"><\/td><td class=\"column-3\"><strong>456<\/strong><\/td><td class=\"column-4\">EL MESLOUHI ASMAA<\/td><td class=\"column-5\">DIRECTION DES RESSOURCES HUMAINES,BUDGET ET AFF GENERALES<\/td>\n<\/tr>\n<tr class=\"row-462\">\n\t<td class=\"column-1\"><\/td><td class=\"column-2\"><\/td><td class=\"column-3\"><strong>457<\/strong><\/td><td class=\"column-4\">EL MOKIM FAICAL<\/td><td class=\"column-5\">Direction Provinciale de l Emploi et des Aff. soc. \u00e0 la Prov. d\u2019El Jadida<\/td>\n<\/tr>\n<tr class=\"row-463\">\n\t<td class=\"column-1\"><\/td><td class=\"column-2\"><\/td><td class=\"column-3\"><strong>458<\/strong><\/td><td class=\"column-4\">EL MOUDEN JAWAD<\/td><td class=\"column-5\">Direction Provinciale de l Emploi et des Aff. soc. \u00e0 la Prov. de Rhamna<\/td>\n<\/tr>\n<tr class=\"row-464\">\n\t<td class=\"column-1\"><\/td><td class=\"column-2\"><\/td><td class=\"column-3\"><strong>459<\/strong><\/td><td class=\"column-4\">EL MOUHIMDI GAJMOULA<\/td><td class=\"column-5\">Direction R\u00e9gionale de l Emploi et des Affaires Sociales Laayoune<\/td>\n<\/tr>\n<tr class=\"row-465\">\n\t<td class=\"column-1\"><\/td><td class=\"column-2\"><\/td><td class=\"column-3\"><strong>460<\/strong><\/td><td class=\"column-4\">EL MOUHTADI TARIQ<\/td><td class=\"column-5\">Direction Provinciale de l Emploi et des Aff. soc. \u00e0 la Prov. de Rhamna<\/td>\n<\/tr>\n<tr class=\"row-466\">\n\t<td class=\"column-1\"><\/td><td class=\"column-2\"><\/td><td class=\"column-3\"><strong>461<\/strong><\/td><td class=\"column-4\">EL MOUKH ABDESSLEM<\/td><td class=\"column-5\">Direction Provinciale de l Emploi et des Aff. soc. \u00e0 la Prov. d\u2019El Jadida<\/td>\n<\/tr>\n<tr class=\"row-467\">\n\t<td class=\"column-1\"><\/td><td class=\"column-2\"><\/td><td class=\"column-3\"><strong>462<\/strong><\/td><td class=\"column-4\">EL -MOULAIB ANOUAR<\/td><td class=\"column-5\">Direction Provinciale de l Emploi et des Aff. soc. \u00e0 la Prov. de Taounate<\/td>\n<\/tr>\n<tr class=\"row-468\">\n\t<td class=\"column-1\"><\/td><td class=\"column-2\"><\/td><td class=\"column-3\"><strong>463<\/strong><\/td><td class=\"column-4\">EL MOUMNI MOHAMMED<\/td><td class=\"column-5\">DIRECTION DES RESSOURCES HUMAINES,BUDGET ET AFF GENERALES<\/td>\n<\/tr>\n<tr class=\"row-469\">\n\t<td class=\"column-1\"><\/td><td class=\"column-2\"><\/td><td class=\"column-3\"><strong>464<\/strong><\/td><td class=\"column-4\">EL MOUMNI MOHAMMED<\/td><td class=\"column-5\">Direction R\u00e9gionale de l Emploi et des Affaires Sociales Tanger<\/td>\n<\/tr>\n<tr class=\"row-470\">\n\t<td class=\"column-1\"><\/td><td class=\"column-2\"><\/td><td class=\"column-3\"><strong>465<\/strong><\/td><td class=\"column-4\">EL MOUNTADIR BOUJEMAA<\/td><td class=\"column-5\">RABAT<\/td>\n<\/tr>\n<tr class=\"row-471\">\n\t<td class=\"column-1\"><\/td><td class=\"column-2\"><\/td><td class=\"column-3\"><strong>466<\/strong><\/td><td class=\"column-4\">EL MOUSSAOUI SOULIA<\/td><td class=\"column-5\">Direction Provinciale de l Emploi et des Aff. Soc. \u00e0 la Pr\u00e9fect. de Sal\u00e9<\/td>\n<\/tr>\n<tr class=\"row-472\">\n\t<td class=\"column-1\"><\/td><td class=\"column-2\"><\/td><td class=\"column-3\"><strong>467<\/strong><\/td><td class=\"column-4\">EL MOUTAOUAKKIL FATIMA EZZAHRA<\/td><td class=\"column-5\">Direction Provinciale de l\u2019Emploi et des Aff. soc. \u00e0 la Prov. d\u2019El Jadida<\/td>\n<\/tr>\n<tr class=\"row-473\">\n\t<td class=\"column-1\"><\/td><td class=\"column-2\"><\/td><td class=\"column-3\"><strong>468<\/strong><\/td><td class=\"column-4\">EL OIAABANE ELLOUILLA<\/td><td class=\"column-5\">Direction R\u00e9gionale de l Emploi et des Affaires Sociales Laayoune<\/td>\n<\/tr>\n<tr class=\"row-474\">\n\t<td class=\"column-1\"><\/td><td class=\"column-2\"><\/td><td class=\"column-3\"><strong>469<\/strong><\/td><td class=\"column-4\">EL OMARI ABDELFATAH<\/td><td class=\"column-5\">DIRECTION DU TRAVAIL<\/td>\n<\/tr>\n<tr class=\"row-475\">\n\t<td class=\"column-1\"><\/td><td class=\"column-2\"><\/td><td class=\"column-3\"><strong>470<\/strong><\/td><td class=\"column-4\">EL OMARI CHARIFA<\/td><td class=\"column-5\">Direction Provinciale de l Emploi et des Aff. Soc. \u00e0 la Pr\u00e9fect. SkhirateT\u00e9mara<\/td>\n<\/tr>\n<tr class=\"row-476\">\n\t<td class=\"column-1\"><\/td><td class=\"column-2\"><\/td><td class=\"column-3\"><strong>471<\/strong><\/td><td class=\"column-4\">EL OMARI FARIDA<\/td><td class=\"column-5\">Direction R\u00e9gionale de l\u2019Emploi et des Affaires Sociales Rabat<\/td>\n<\/tr>\n<tr class=\"row-477\">\n\t<td class=\"column-1\"><\/td><td class=\"column-2\"><\/td><td class=\"column-3\"><strong>472<\/strong><\/td><td class=\"column-4\">EL OMARI MOHAMED<\/td><td class=\"column-5\">Direction Provinciale de l Emploi et des Aff. Soc. \u00e0 la Pr\u00e9fect. de Sal\u00e9<\/td>\n<\/tr>\n<tr class=\"row-478\">\n\t<td class=\"column-1\"><\/td><td class=\"column-2\"><\/td><td class=\"column-3\"><strong>473<\/strong><\/td><td class=\"column-4\">EL OMARI MY SMAEL<\/td><td class=\"column-5\">Direction Provinciale de l Emploi et des Aff. soc. \u00e0 la Prov. d\u2019Errachidia<\/td>\n<\/tr>\n<tr class=\"row-479\">\n\t<td class=\"column-1\"><\/td><td class=\"column-2\"><\/td><td class=\"column-3\"><strong>474<\/strong><\/td><td class=\"column-4\">EL OUALI ADIL<\/td><td class=\"column-5\">Direction R\u00e9gionale de l Emploi et des Affaires Sociales F\u00e8s<\/td>\n<\/tr>\n<tr class=\"row-480\">\n\t<td class=\"column-1\"><\/td><td class=\"column-2\"><\/td><td class=\"column-3\"><strong>475<\/strong><\/td><td class=\"column-4\">EL OUALI CHTOUKI<\/td><td class=\"column-5\">Direction R\u00e9gionale de l Emploi et des Affaires Sociales Marrakech<\/td>\n<\/tr>\n<tr class=\"row-481\">\n\t<td class=\"column-1\"><\/td><td class=\"column-2\"><\/td><td class=\"column-3\"><strong>476<\/strong><\/td><td class=\"column-4\">EL OUALI NEZHA<\/td><td class=\"column-5\">Direction R\u00e9gionale de l Emploi et des Affaires Sociales Agadir<\/td>\n<\/tr>\n<tr class=\"row-482\">\n\t<td class=\"column-1\"><\/td><td class=\"column-2\"><\/td><td class=\"column-3\"><strong>477<\/strong><\/td><td class=\"column-4\">EL OUARDIGHI EL MOKHTAR<\/td><td class=\"column-5\">Direction Provinciale de l Emploi et des Aff. soc. \u00e0 la Prov. de B\u00e9ni-Mellal<\/td>\n<\/tr>\n<tr class=\"row-483\">\n\t<td class=\"column-1\"><\/td><td class=\"column-2\"><\/td><td class=\"column-3\"><strong>478<\/strong><\/td><td class=\"column-4\">EL OUARTASSI MOHAMED<\/td><td class=\"column-5\">Direction Provinciale de l Emploi et des Aff. soc. \u00e0 la Prov. de Taza<\/td>\n<\/tr>\n<tr class=\"row-484\">\n\t<td class=\"column-1\"><\/td><td class=\"column-2\"><\/td><td class=\"column-3\"><strong>479<\/strong><\/td><td class=\"column-4\">EL RHALBI MOHAMED<\/td><td class=\"column-5\">RABAT<\/td>\n<\/tr>\n<tr class=\"row-485\">\n\t<td class=\"column-1\"><\/td><td class=\"column-2\"><\/td><td class=\"column-3\"><strong>480<\/strong><\/td><td class=\"column-4\">EL RHEZOUI MOHAMED<\/td><td class=\"column-5\">Direction Provinciale de l Emploi et des Aff. soc. \u00e0 la Prov. d\u2019Ouarzazate<\/td>\n<\/tr>\n<tr class=\"row-486\">\n\t<td class=\"column-1\"><\/td><td class=\"column-2\"><\/td><td class=\"column-3\"><strong>481<\/strong><\/td><td class=\"column-4\">EL RHOUL NAJIA<\/td><td class=\"column-5\">RABAT<\/td>\n<\/tr>\n<tr class=\"row-487\">\n\t<td class=\"column-1\"><\/td><td class=\"column-2\"><\/td><td class=\"column-3\"><strong>482<\/strong><\/td><td class=\"column-4\">EL WAHIB ABDELALI<\/td><td class=\"column-5\">Direction Provinciale de l Emploi et des Aff. Soc. \u00e0 la Pr\u00e9fect. de Mohammedia<\/td>\n<\/tr>\n<tr class=\"row-488\">\n\t<td class=\"column-1\"><\/td><td class=\"column-2\"><\/td><td class=\"column-3\"><strong>483<\/strong><\/td><td class=\"column-4\">EL YAHYAOUI ISMAIL<\/td><td class=\"column-5\">Direction Provinciale de l Emploi et des Aff. soc. \u00e0 la Prov. d\u2019El Hoceima<\/td>\n<\/tr>\n<tr class=\"row-489\">\n\t<td class=\"column-1\"><\/td><td class=\"column-2\"><\/td><td class=\"column-3\"><strong>484<\/strong><\/td><td class=\"column-4\">EL YAMINE ANAS<\/td><td class=\"column-5\">Direction R\u00e9gionale de l Emploi et des Affaires Sociales de Casablanca-Anfa<\/td>\n<\/tr>\n<tr class=\"row-490\">\n\t<td class=\"column-1\"><\/td><td class=\"column-2\"><\/td><td class=\"column-3\"><strong>485<\/strong><\/td><td class=\"column-4\">EL YAZIDI ABDELHADI<\/td><td class=\"column-5\">Direction Provinciale de l Emploi et des Aff. soc. \u00e0 la Prov. d\u2019Ouarzazate<\/td>\n<\/tr>\n<tr class=\"row-491\">\n\t<td class=\"column-1\"><\/td><td class=\"column-2\"><\/td><td class=\"column-3\"><strong>486<\/strong><\/td><td class=\"column-4\">EL YAZIDI LHOUCINE<\/td><td class=\"column-5\">DIRECTION DES RESSOURCES HUMAINES,BUDGET ET AFF GENERALES<\/td>\n<\/tr>\n<tr class=\"row-492\">\n\t<td class=\"column-1\"><\/td><td class=\"column-2\"><\/td><td class=\"column-3\"><strong>487<\/strong><\/td><td class=\"column-4\">EL YOUBI HOURIA<\/td><td class=\"column-5\">INSPECTION GENERALE<\/td>\n<\/tr>\n<tr class=\"row-493\">\n\t<td class=\"column-1\"><\/td><td class=\"column-2\"><\/td><td class=\"column-3\"><strong>488<\/strong><\/td><td class=\"column-4\">EL YOUSSOUFI HANANE<\/td><td class=\"column-5\">Direction Provinciale de l Emploi et des Aff. Soc. \u00e0 la Pr\u00e9fect. de Sal\u00e9<\/td>\n<\/tr>\n<tr class=\"row-494\">\n\t<td class=\"column-1\"><\/td><td class=\"column-2\"><\/td><td class=\"column-3\"><strong>489<\/strong><\/td><td class=\"column-4\">ELABDELLAOUI ABDESSAMIA<\/td><td class=\"column-5\">Direction Provinciale de l Emploi et des Aff. soc. \u00e0 la Prov. d\u2019Ouarzazate<\/td>\n<\/tr>\n<tr class=\"row-495\">\n\t<td class=\"column-1\"><\/td><td class=\"column-2\"><\/td><td class=\"column-3\"><strong>490<\/strong><\/td><td class=\"column-4\">ELAMRANI SAAD<\/td><td class=\"column-5\">DIRECTION DES RESSOURCES HUMAINES,BUDGET ET AFF GENERALES<\/td>\n<\/tr>\n<tr class=\"row-496\">\n\t<td class=\"column-1\"><\/td><td class=\"column-2\"><\/td><td class=\"column-3\"><strong>491<\/strong><\/td><td class=\"column-4\">EL-ASERY ABDELILAH<\/td><td class=\"column-5\">Direction Provinciale de l\u2019Emploi et des Aff. soc. \u00e0 la Prov. de Ghercif<\/td>\n<\/tr>\n<tr class=\"row-497\">\n\t<td class=\"column-1\"><\/td><td class=\"column-2\"><\/td><td class=\"column-3\"><strong>492<\/strong><\/td><td class=\"column-4\">ELATILLAH INSAF<\/td><td class=\"column-5\">Direction Provinciale de l Emploi et des Aff. soc. \u00e0 la Prov. d\u2019Ouarzazate<\/td>\n<\/tr>\n<tr class=\"row-498\">\n\t<td class=\"column-1\"><\/td><td class=\"column-2\"><\/td><td class=\"column-3\"><strong>493<\/strong><\/td><td class=\"column-4\">EL-BARAKA ABDEKARIM<\/td><td class=\"column-5\">DIRECTION DU TRAVAIL<\/td>\n<\/tr>\n<tr class=\"row-499\">\n\t<td class=\"column-1\"><\/td><td class=\"column-2\"><\/td><td class=\"column-3\"><strong>494<\/strong><\/td><td class=\"column-4\">EL-GHAYAM MOHAMED<\/td><td class=\"column-5\">DIRECTION DE l Emploi<\/td>\n<\/tr>\n<tr class=\"row-500\">\n\t<td class=\"column-1\"><\/td><td class=\"column-2\"><\/td><td class=\"column-3\"><strong>495<\/strong><\/td><td class=\"column-4\">ELGUERCH AMAL<\/td><td class=\"column-5\">Direction Regionale de l emploi et des Affaires Sociales Fes<\/td>\n<\/tr>\n<tr class=\"row-501\">\n\t<td class=\"column-1\"><\/td><td class=\"column-2\"><\/td><td class=\"column-3\"><strong>496<\/strong><\/td><td class=\"column-4\">ELHEDDAD MAROUANE<\/td><td class=\"column-5\">DIRECTION DES RESSOURCES HUMAINES,BUDGET ET AFF GENERALES<\/td>\n<\/tr>\n<tr class=\"row-502\">\n\t<td class=\"column-1\"><\/td><td class=\"column-2\"><\/td><td class=\"column-3\"><strong>497<\/strong><\/td><td class=\"column-4\">EL-HEJIRA ZAHRA<\/td><td class=\"column-5\">Direction R\u00e9gionale de l\u2019emploi et des Affaires Sociales F\u00e8s<\/td>\n<\/tr>\n<tr class=\"row-503\">\n\t<td class=\"column-1\"><\/td><td class=\"column-2\"><\/td><td class=\"column-3\"><strong>498<\/strong><\/td><td class=\"column-4\">ELISSAOUY OUALID<\/td><td class=\"column-5\">Direction de l\u2019Observatoire National du March\u00e9 du Travail<\/td>\n<\/tr>\n<tr class=\"row-504\">\n\t<td class=\"column-1\"><\/td><td class=\"column-2\"><\/td><td class=\"column-3\"><strong>499<\/strong><\/td><td class=\"column-4\">ELJAOUHARI SANAA<\/td><td class=\"column-5\">Direction R\u00e9gionale de l Emploi et des Affaires Sociales de Casablanca-Anfa<\/td>\n<\/tr>\n<tr class=\"row-505\">\n\t<td class=\"column-1\"><\/td><td class=\"column-2\"><\/td><td class=\"column-3\"><strong>500<\/strong><\/td><td class=\"column-4\">ELKAM LOUBNA<\/td><td class=\"column-5\">Direction Provinciale de l Emploi et des Aff. soc. \u00e0 la Prov. de Tan-Tan<\/td>\n<\/tr>\n<tr class=\"row-506\">\n\t<td class=\"column-1\"><\/td><td class=\"column-2\"><\/td><td class=\"column-3\"><strong>501<\/strong><\/td><td class=\"column-4\">EL-KHANCHI SALEK<\/td><td class=\"column-5\">Direction R\u00e9gionale de l Emploi et des Affaires Sociales Laayoune<\/td>\n<\/tr>\n<tr class=\"row-507\">\n\t<td class=\"column-1\"><\/td><td class=\"column-2\"><\/td><td class=\"column-3\"><strong>502<\/strong><\/td><td class=\"column-4\">EL-KHOLTI AYOUB<\/td><td class=\"column-5\">Direction Provinciale de l Emploi et des Aff. soc. \u00e0 la Prov. de Khouribga<\/td>\n<\/tr>\n<tr class=\"row-508\">\n\t<td class=\"column-1\"><\/td><td class=\"column-2\"><\/td><td class=\"column-3\"><strong>503<\/strong><\/td><td class=\"column-4\">EL-MAALLEM AMINA<\/td><td class=\"column-5\">Direction Provinciale de l Emploi et des Aff. soc. \u00e0 la Prov. d\u2019Ifrane<\/td>\n<\/tr>\n<tr class=\"row-509\">\n\t<td class=\"column-1\"><\/td><td class=\"column-2\"><\/td><td class=\"column-3\"><strong>504<\/strong><\/td><td class=\"column-4\">ELMOUSSIKI MAROUANE<\/td><td class=\"column-5\">Direction de l\u2019Observatoire National du March\u00e9 du Travail<\/td>\n<\/tr>\n<tr class=\"row-510\">\n\t<td class=\"column-1\"><\/td><td class=\"column-2\"><\/td><td class=\"column-3\"><strong>505<\/strong><\/td><td class=\"column-4\">ELMRABET RACHID<\/td><td class=\"column-5\">Direction Provinciale de l Emploi et des Aff. soc. \u00e0 la Prov. de Kenitra<\/td>\n<\/tr>\n<tr class=\"row-511\">\n\t<td class=\"column-1\"><\/td><td class=\"column-2\"><\/td><td class=\"column-3\"><strong>506<\/strong><\/td><td class=\"column-4\">ELOUALI IMANE<\/td><td class=\"column-5\">Direction Provinciale de l\u2019Emploi et des Aff. Soc. \u00e0 la Pr\u00e9fect. de Mohammedia<\/td>\n<\/tr>\n<tr class=\"row-512\">\n\t<td class=\"column-1\"><\/td><td class=\"column-2\"><\/td><td class=\"column-3\"><strong>507<\/strong><\/td><td class=\"column-4\">EL-OUAZGHARI HICHAM<\/td><td class=\"column-5\">Direction Provinciale de l Emploi et des Aff. soc. \u00e0 la Prov. de Berkane<\/td>\n<\/tr>\n<tr class=\"row-513\">\n\t<td class=\"column-1\"><\/td><td class=\"column-2\"><\/td><td class=\"column-3\"><strong>508<\/strong><\/td><td class=\"column-4\">EL-QASERY ANAS<\/td><td class=\"column-5\">Direction Provinciale de l Emploi et des Aff. soc. \u00e0 la Prov. de Taounate<\/td>\n<\/tr>\n<tr class=\"row-514\">\n\t<td class=\"column-1\"><\/td><td class=\"column-2\"><\/td><td class=\"column-3\"><strong>509<\/strong><\/td><td class=\"column-4\">ELWAFAIE HASNA<\/td><td class=\"column-5\">INSPECTION GENERALE<\/td>\n<\/tr>\n<tr class=\"row-515\">\n\t<td class=\"column-1\"><\/td><td class=\"column-2\"><\/td><td class=\"column-3\"><strong>510<\/strong><\/td><td class=\"column-4\">EN NASRAOUI SALAH<\/td><td class=\"column-5\">Direction Provinciale de l Emploi et des Aff. soc. \u00e0 la Prov. de Fkih Ben Saleh<\/td>\n<\/tr>\n<tr class=\"row-516\">\n\t<td class=\"column-1\"><\/td><td class=\"column-2\"><\/td><td class=\"column-3\"><strong>511<\/strong><\/td><td class=\"column-4\">ENEZARI RACHIDA<\/td><td class=\"column-5\">Direction Prov. de l\u2019Emp. et des Aff. Soc. \u00e0 la Pr\u00e9fec. Arrond. de Ben M\u2019sik<\/td>\n<\/tr>\n<tr class=\"row-517\">\n\t<td class=\"column-1\"><\/td><td class=\"column-2\"><\/td><td class=\"column-3\"><strong>512<\/strong><\/td><td class=\"column-4\">ENNAJI FATIMA<\/td><td class=\"column-5\">Direction Provinciale de l Emploi et des Aff. Soc. \u00e0 la Pr\u00e9fect. SkhirateT\u00e9mara<\/td>\n<\/tr>\n<tr class=\"row-518\">\n\t<td class=\"column-1\"><\/td><td class=\"column-2\"><\/td><td class=\"column-3\"><strong>513<\/strong><\/td><td class=\"column-4\">ENNOUHI NOUHAILA<\/td><td class=\"column-5\">SECRETARIAT GENERAL<\/td>\n<\/tr>\n<tr class=\"row-519\">\n\t<td class=\"column-1\"><\/td><td class=\"column-2\"><\/td><td class=\"column-3\"><strong>514<\/strong><\/td><td class=\"column-4\">ERRABEH MOHAMMED<\/td><td class=\"column-5\">Direction R\u00e9gionale de l\u2019emploi et des Affaires Sociales Laayoune<\/td>\n<\/tr>\n<tr class=\"row-520\">\n\t<td class=\"column-1\"><\/td><td class=\"column-2\"><\/td><td class=\"column-3\"><strong>515<\/strong><\/td><td class=\"column-4\">ERRAHILI NABIL<\/td><td class=\"column-5\">Direction Provinciale de l Emploi et des Aff. Soc. \u00e0 la Pr\u00e9fect. SkhirateT\u00e9mara<\/td>\n<\/tr>\n<tr class=\"row-521\">\n\t<td class=\"column-1\"><\/td><td class=\"column-2\"><\/td><td class=\"column-3\"><strong>516<\/strong><\/td><td class=\"column-4\">ERRAHIMI MOHAMMED<\/td><td class=\"column-5\">Direction R\u00e9gionale de l Emploi et des Affaires Sociales Tanger<\/td>\n<\/tr>\n<tr class=\"row-522\">\n\t<td class=\"column-1\"><\/td><td class=\"column-2\"><\/td><td class=\"column-3\"><strong>517<\/strong><\/td><td class=\"column-4\">ER-RAKIBI MOHAMED<\/td><td class=\"column-5\">DIRECTION DES RESSOURCES HUMAINES,BUDGET ET AFF GENERALES<\/td>\n<\/tr>\n<tr class=\"row-523\">\n\t<td class=\"column-1\"><\/td><td class=\"column-2\"><\/td><td class=\"column-3\"><strong>518<\/strong><\/td><td class=\"column-4\">ES SAKI OMAR<\/td><td class=\"column-5\">Direction Provinciale de l Emploi et des Aff. soc. \u00e0 la Prov. de Khouribga<\/td>\n<\/tr>\n<tr class=\"row-524\">\n\t<td class=\"column-1\"><\/td><td class=\"column-2\"><\/td><td class=\"column-3\"><strong>519<\/strong><\/td><td class=\"column-4\">ES.SAID HASSAN<\/td><td class=\"column-5\">Direction Provinciale de l Emploi et des Aff. soc. \u00e0 la Prov. de Taza<\/td>\n<\/tr>\n<tr class=\"row-525\">\n\t<td class=\"column-1\"><\/td><td class=\"column-2\"><\/td><td class=\"column-3\"><strong>520<\/strong><\/td><td class=\"column-4\">ESSAH EL FARAH<\/td><td class=\"column-5\">Direction R\u00e9gionale de l\u2019emploi et des Affaires Sociales Laayoune<\/td>\n<\/tr>\n<tr class=\"row-526\">\n\t<td class=\"column-1\"><\/td><td class=\"column-2\"><\/td><td class=\"column-3\"><strong>521<\/strong><\/td><td class=\"column-4\">ESSAIDI SAMIR<\/td><td class=\"column-5\">Direction Provinciale de l Emploi et des Aff. soc. \u00e0 la Prov. de Berkane<\/td>\n<\/tr>\n<tr class=\"row-527\">\n\t<td class=\"column-1\"><\/td><td class=\"column-2\"><\/td><td class=\"column-3\"><strong>522<\/strong><\/td><td class=\"column-4\">ESSAMADI ASMA<\/td><td class=\"column-5\">Direction R\u00e9gionale de l Emploi et des Affaires Sociales Rabat<\/td>\n<\/tr>\n<tr class=\"row-528\">\n\t<td class=\"column-1\"><\/td><td class=\"column-2\"><\/td><td class=\"column-3\"><strong>523<\/strong><\/td><td class=\"column-4\">ESSAMAKI MEHDI<\/td><td class=\"column-5\">Direction R\u00e9gionale de l Emploi et des Affaires Sociales Oujda<\/td>\n<\/tr>\n<tr class=\"row-529\">\n\t<td class=\"column-1\"><\/td><td class=\"column-2\"><\/td><td class=\"column-3\"><strong>524<\/strong><\/td><td class=\"column-4\">ESSID MOHAMED<\/td><td class=\"column-5\">DIRECTION DES RESSOURCES HUMAINES,BUDGET ET AFF GENERALES<\/td>\n<\/tr>\n<tr class=\"row-530\">\n\t<td class=\"column-1\"><\/td><td class=\"column-2\"><\/td><td class=\"column-3\"><strong>525<\/strong><\/td><td class=\"column-4\">ESSIKA THAMI<\/td><td class=\"column-5\">Direction Provinciale de l Emploi et des Aff. soc. \u00e0 la Prov. de Kenitra<\/td>\n<\/tr>\n<tr class=\"row-531\">\n\t<td class=\"column-1\"><\/td><td class=\"column-2\"><\/td><td class=\"column-3\"><strong>526<\/strong><\/td><td class=\"column-4\">ESSINOUNI ABDESLEM<\/td><td class=\"column-5\">Direction Provinciale de l Emploi et des Aff. Soc. a la Prefect. de Sale<\/td>\n<\/tr>\n<tr class=\"row-532\">\n\t<td class=\"column-1\"><\/td><td class=\"column-2\"><\/td><td class=\"column-3\"><strong>527<\/strong><\/td><td class=\"column-4\">ESSINOUNI HAMID<\/td><td class=\"column-5\">Direction R\u00e9gionale de l Emploi et des Affaires Sociales Rabat<\/td>\n<\/tr>\n<tr class=\"row-533\">\n\t<td class=\"column-1\"><\/td><td class=\"column-2\"><\/td><td class=\"column-3\"><strong>528<\/strong><\/td><td class=\"column-4\">ESSTOUBI SARA<\/td><td class=\"column-5\">Direction Provinciale de l Emploi et des Aff. soc. \u00e0 la Prov. de Khemisset<\/td>\n<\/tr>\n<tr class=\"row-534\">\n\t<td class=\"column-1\"><\/td><td class=\"column-2\"><\/td><td class=\"column-3\"><strong>529<\/strong><\/td><td class=\"column-4\">ETOURABI HASSANE<\/td><td class=\"column-5\">Direction R\u00e9gionale de l\u2019emploi et des Affaires Sociales Laayoune<\/td>\n<\/tr>\n<tr class=\"row-535\">\n\t<td class=\"column-1\"><\/td><td class=\"column-2\"><\/td><td class=\"column-3\"><strong>530<\/strong><\/td><td class=\"column-4\">ETTAHIRI KHADIJA<\/td><td class=\"column-5\">DIRECTION DES RESSOURCES HUMAINES,BUDGET ET AFF GENERALES<\/td>\n<\/tr>\n<tr class=\"row-536\">\n\t<td class=\"column-1\"><\/td><td class=\"column-2\"><\/td><td class=\"column-3\"><strong>531<\/strong><\/td><td class=\"column-4\">ET-TAOUSSI AMINA<\/td><td class=\"column-5\">Direction Provinciale de l\u2019Emploi et des Aff. soc. \u00e0 la Prov. d\u2019El Jadida<\/td>\n<\/tr>\n<tr class=\"row-537\">\n\t<td class=\"column-1\"><\/td><td class=\"column-2\"><\/td><td class=\"column-3\"><strong>532<\/strong><\/td><td class=\"column-4\">ETTOUIL ABDESSAMAD<\/td><td class=\"column-5\">DIRECTION DES RESSOURCES HUMAINES,BUDGET ET AFF GENERALES<\/td>\n<\/tr>\n<tr class=\"row-538\">\n\t<td class=\"column-1\"><\/td><td class=\"column-2\"><\/td><td class=\"column-3\"><strong>533<\/strong><\/td><td class=\"column-4\">EZHER HALIMA-SAADIA<\/td><td class=\"column-5\">DIRECTION DES RESSOURCES HUMAINES,BUDGET ET AFF GENERALES<\/td>\n<\/tr>\n<tr class=\"row-539\">\n\t<td class=\"column-1\"><\/td><td class=\"column-2\"><\/td><td class=\"column-3\"><strong>534<\/strong><\/td><td class=\"column-4\">EZKIYOUH ABDELMALEK<\/td><td class=\"column-5\">Direction Provinciale de l Emploi et des Aff. Soc. \u00e0 la Pr\u00e9fect. de Mekn\u00e8s<\/td>\n<\/tr>\n<tr class=\"row-540\">\n\t<td class=\"column-1\"><\/td><td class=\"column-2\"><\/td><td class=\"column-3\"><strong>535<\/strong><\/td><td class=\"column-4\">EZZEROILI LAHOUCINE<\/td><td class=\"column-5\">Direction R\u00e9gionale de l Emploi et des Affaires Sociales Agadir<\/td>\n<\/tr>\n<tr class=\"row-541\">\n\t<td class=\"column-1\"><\/td><td class=\"column-2\"><\/td><td class=\"column-3\"><strong>536<\/strong><\/td><td class=\"column-4\">EZZIKOURI SOUFIANE<\/td><td class=\"column-5\">Direction Provinciale de l Emploi et des Aff. soc. \u00e0 la Prov. de Fkih Ben Saleh<\/td>\n<\/tr>\n<tr class=\"row-542\">\n\t<td class=\"column-1\"><\/td><td class=\"column-2\"><\/td><td class=\"column-3\"><strong>537<\/strong><\/td><td class=\"column-4\">EZZOUAK ANOUAR<\/td><td class=\"column-5\">Direction Provinciale de l Emploi et des Aff. soc. \u00e0 la Prov. de Tetouan<\/td>\n<\/tr>\n<tr class=\"row-543\">\n\t<td class=\"column-1\"><\/td><td class=\"column-2\"><\/td><td class=\"column-3\"><strong>538<\/strong><\/td><td class=\"column-4\">FAIQ YASSINE<\/td><td class=\"column-5\">Direction de l\u2019Observatoire National du March\u00e9 du Travail<\/td>\n<\/tr>\n<tr class=\"row-544\">\n\t<td class=\"column-1\"><\/td><td class=\"column-2\"><\/td><td class=\"column-3\"><strong>539<\/strong><\/td><td class=\"column-4\">FANAN JAMAL<\/td><td class=\"column-5\">Direction Provinciale de l Emploi et des Aff. Soc. \u00e0 la Pr\u00e9fect. de Sal\u00e9<\/td>\n<\/tr>\n<tr class=\"row-545\">\n\t<td class=\"column-1\"><\/td><td class=\"column-2\"><\/td><td class=\"column-3\"><strong>540<\/strong><\/td><td class=\"column-4\">FANI MINA<\/td><td class=\"column-5\">Direction Provinciale de l Emploi et des Aff. soc. \u00e0 la Prov. de Kenitra<\/td>\n<\/tr>\n<tr class=\"row-546\">\n\t<td class=\"column-1\"><\/td><td class=\"column-2\"><\/td><td class=\"column-3\"><strong>541<\/strong><\/td><td class=\"column-4\">FANNAN MOHAMED<\/td><td class=\"column-5\">Direction Prov. de l\u2019Emp. et des Aff. Soc. \u00e0 la Pr\u00e9fec. Arrond. HayHassaAinChok<\/td>\n<\/tr>\n<tr class=\"row-547\">\n\t<td class=\"column-1\"><\/td><td class=\"column-2\"><\/td><td class=\"column-3\"><strong>542<\/strong><\/td><td class=\"column-4\">FARAH AYOUB<\/td><td class=\"column-5\">DIRECTION DES RESSOURCES HUMAINES,BUDGET ET AFF GENERALES<\/td>\n<\/tr>\n<tr class=\"row-548\">\n\t<td class=\"column-1\"><\/td><td class=\"column-2\"><\/td><td class=\"column-3\"><strong>543<\/strong><\/td><td class=\"column-4\">FARAJ ABDELLAH<\/td><td class=\"column-5\">Direction Provinciale de l Emploi et des Aff. soc. \u00e0 la Prov. de Settat<\/td>\n<\/tr>\n<tr class=\"row-549\">\n\t<td class=\"column-1\"><\/td><td class=\"column-2\"><\/td><td class=\"column-3\"><strong>544<\/strong><\/td><td class=\"column-4\">FARESS MALIKA<\/td><td class=\"column-5\">CABINET<\/td>\n<\/tr>\n<tr class=\"row-550\">\n\t<td class=\"column-1\"><\/td><td class=\"column-2\"><\/td><td class=\"column-3\"><strong>545<\/strong><\/td><td class=\"column-4\">FARTAT ABDELKARIM<\/td><td class=\"column-5\">Direction Provinciale de l Emploi et des Aff. Soc. \u00e0 la Pr\u00e9fect. SkhirateT\u00e9mara<\/td>\n<\/tr>\n<tr class=\"row-551\">\n\t<td class=\"column-1\"><\/td><td class=\"column-2\"><\/td><td class=\"column-3\"><strong>546<\/strong><\/td><td class=\"column-4\">FATHI HANANE<\/td><td class=\"column-5\">Direction R\u00e9gionale de l Emploi et des Affaires Sociales F\u00e8s<\/td>\n<\/tr>\n<tr class=\"row-552\">\n\t<td class=\"column-1\"><\/td><td class=\"column-2\"><\/td><td class=\"column-3\"><strong>547<\/strong><\/td><td class=\"column-4\">FENNANE AMINE<\/td><td class=\"column-5\">Direction R\u00e9gionale de l Emploi et des Affaires Sociales de Casablanca-Anfa<\/td>\n<\/tr>\n<tr class=\"row-553\">\n\t<td class=\"column-1\"><\/td><td class=\"column-2\"><\/td><td class=\"column-3\"><strong>548<\/strong><\/td><td class=\"column-4\">FENNASS RAJAA<\/td><td class=\"column-5\">DIRECTION DE l Emploi<\/td>\n<\/tr>\n<tr class=\"row-554\">\n\t<td class=\"column-1\"><\/td><td class=\"column-2\"><\/td><td class=\"column-3\"><strong>549<\/strong><\/td><td class=\"column-4\">FERNI HANANE<\/td><td class=\"column-5\">DIRECTION DES RESSOURCES HUMAINES,BUDGET ET AFF GENERALES<\/td>\n<\/tr>\n<tr class=\"row-555\">\n\t<td class=\"column-1\"><\/td><td class=\"column-2\"><\/td><td class=\"column-3\"><strong>550<\/strong><\/td><td class=\"column-4\">FETOUH MERYEM<\/td><td class=\"column-5\">Direction Provinciale de l Emploi et des Aff. soc. \u00e0 la Prov. d\u2019El Jadida<\/td>\n<\/tr>\n<tr class=\"row-556\">\n\t<td class=\"column-1\"><\/td><td class=\"column-2\"><\/td><td class=\"column-3\"><strong>551<\/strong><\/td><td class=\"column-4\">FIALI SANAA<\/td><td class=\"column-5\">Direction Prov. de l\u2019Emp. et des Aff. Soc. \u00e0 la Pr\u00e9fec. Arrond. HayHassaAinChok<\/td>\n<\/tr>\n<tr class=\"row-557\">\n\t<td class=\"column-1\"><\/td><td class=\"column-2\"><\/td><td class=\"column-3\"><strong>552<\/strong><\/td><td class=\"column-4\">FIKRI NAIMA<\/td><td class=\"column-5\">Direction Provinciale de l Emploi et des Aff. soc. \u00e0 la Prov. d\u2019Errachidia<\/td>\n<\/tr>\n<tr class=\"row-558\">\n\t<td class=\"column-1\"><\/td><td class=\"column-2\"><\/td><td class=\"column-3\"><strong>553<\/strong><\/td><td class=\"column-4\">FILALI BABA NIDAL<\/td><td class=\"column-5\">Direction R\u00e9gionale de l Emploi et des Affaires Sociales F\u00e8s<\/td>\n<\/tr>\n<tr class=\"row-559\">\n\t<td class=\"column-1\"><\/td><td class=\"column-2\"><\/td><td class=\"column-3\"><strong>554<\/strong><\/td><td class=\"column-4\">FILALI SALMA<\/td><td class=\"column-5\">Direction Prov. de l\u2019Emp. et des Aff. Soc. \u00e0 la Pr\u00e9fec. Arrond. HayHassaAinChok<\/td>\n<\/tr>\n<tr class=\"row-560\">\n\t<td class=\"column-1\"><\/td><td class=\"column-2\"><\/td><td class=\"column-3\"><strong>555<\/strong><\/td><td class=\"column-4\">FOTO AHMED<\/td><td class=\"column-5\">DIRECTION DU TRAVAIL<\/td>\n<\/tr>\n<tr class=\"row-561\">\n\t<td class=\"column-1\"><\/td><td class=\"column-2\"><\/td><td class=\"column-3\"><strong>556<\/strong><\/td><td class=\"column-4\">FTAIMI MOHAMED<\/td><td class=\"column-5\">Direction R\u00e9gionale de l\u2019emploi et des Affaires Sociales Marrakech<\/td>\n<\/tr>\n<tr class=\"row-562\">\n\t<td class=\"column-1\"><\/td><td class=\"column-2\"><\/td><td class=\"column-3\"><strong>557<\/strong><\/td><td class=\"column-4\">GARFAOUI REDOUANE<\/td><td class=\"column-5\">Direction Prov. de l\u2019Emp. et des Aff. Soc. \u00e0 la Pr\u00e9fec. Arrond. HayHassaAinChok<\/td>\n<\/tr>\n<tr class=\"row-563\">\n\t<td class=\"column-1\"><\/td><td class=\"column-2\"><\/td><td class=\"column-3\"><strong>558<\/strong><\/td><td class=\"column-4\">GATIBI ABDELOUAHAB<\/td><td class=\"column-5\">Direction R\u00e9gionale de l\u2019emploi et des Affaires Sociales F\u00e8s<\/td>\n<\/tr>\n<tr class=\"row-564\">\n\t<td class=\"column-1\"><\/td><td class=\"column-2\"><\/td><td class=\"column-3\"><strong>559<\/strong><\/td><td class=\"column-4\">GHALLALI KHADIJA<\/td><td class=\"column-5\">Direction Provinciale de l Emploi et des Aff. soc. \u00e0 la Prov. de Taroudant<\/td>\n<\/tr>\n<tr class=\"row-565\">\n\t<td class=\"column-1\"><\/td><td class=\"column-2\"><\/td><td class=\"column-3\"><strong>560<\/strong><\/td><td class=\"column-4\">GHARIB GHITA<\/td><td class=\"column-5\">Direction Provinciale de l Emploi et des Aff. Soc. \u00e0 la Pr\u00e9fect. de Mohammedia<\/td>\n<\/tr>\n<tr class=\"row-566\">\n\t<td class=\"column-1\"><\/td><td class=\"column-2\"><\/td><td class=\"column-3\"><strong>561<\/strong><\/td><td class=\"column-4\">GHAZI AMAL<\/td><td class=\"column-5\">Direction Prov. de l Emp. et des Aff. Soc. a la Prefec. Arrond. HayHassaAinChok<\/td>\n<\/tr>\n<tr class=\"row-567\">\n\t<td class=\"column-1\"><\/td><td class=\"column-2\"><\/td><td class=\"column-3\"><strong>562<\/strong><\/td><td class=\"column-4\">GHEBBARI ASSIA<\/td><td class=\"column-5\">DIRECTION DES RESSOURCES HUMAINES,BUDGET ET AFF GENERALES<\/td>\n<\/tr>\n<tr class=\"row-568\">\n\t<td class=\"column-1\"><\/td><td class=\"column-2\"><\/td><td class=\"column-3\"><strong>563<\/strong><\/td><td class=\"column-4\">GHOLAM ALI<\/td><td class=\"column-5\">Direction Provinciale de l Emploi et des Aff. Soc. \u00e0 la Pr\u00e9fect. de Mekn\u00e8s<\/td>\n<\/tr>\n<tr class=\"row-569\">\n\t<td class=\"column-1\"><\/td><td class=\"column-2\"><\/td><td class=\"column-3\"><strong>564<\/strong><\/td><td class=\"column-4\">GHRIMA NOUR EDDINE<\/td><td class=\"column-5\">Direction Provinciale de l Emploi et des Aff. soc. \u00e0 la Prov. de Kenitra<\/td>\n<\/tr>\n<tr class=\"row-570\">\n\t<td class=\"column-1\"><\/td><td class=\"column-2\"><\/td><td class=\"column-3\"><strong>565<\/strong><\/td><td class=\"column-4\">GHUARRAFI ABDELHAK<\/td><td class=\"column-5\">Direction Provinciale de l Emploi et des Aff. soc. \u00e0 la Prov. de Berkane<\/td>\n<\/tr>\n<tr class=\"row-571\">\n\t<td class=\"column-1\"><\/td><td class=\"column-2\"><\/td><td class=\"column-3\"><strong>566<\/strong><\/td><td class=\"column-4\">GOUIDIR ABDERRAHIM<\/td><td class=\"column-5\">Direction R\u00e9gionale de l Emploi et des Affaires Sociales Agadir<\/td>\n<\/tr>\n<tr class=\"row-572\">\n\t<td class=\"column-1\"><\/td><td class=\"column-2\"><\/td><td class=\"column-3\"><strong>567<\/strong><\/td><td class=\"column-4\">GOURJA BAHAE<\/td><td class=\"column-5\">Direction R\u00e9gionale de l\u2019Emploi et des Affaires Sociales de Casablanca-Anfa<\/td>\n<\/tr>\n<tr class=\"row-573\">\n\t<td class=\"column-1\"><\/td><td class=\"column-2\"><\/td><td class=\"column-3\"><strong>568<\/strong><\/td><td class=\"column-4\">GRISSEN KHADIJA<\/td><td class=\"column-5\">Direction Provinciale de l Emploi et des Aff. soc. \u00e0 la Prov. d\u2019El Jadida<\/td>\n<\/tr>\n<tr class=\"row-574\">\n\t<td class=\"column-1\"><\/td><td class=\"column-2\"><\/td><td class=\"column-3\"><strong>569<\/strong><\/td><td class=\"column-4\">GUELAI BOUCHRA<\/td><td class=\"column-5\">Direction R\u00e9gionale de l\u2019emploi et des Affaires Sociales Tanger<\/td>\n<\/tr>\n<tr class=\"row-575\">\n\t<td class=\"column-1\"><\/td><td class=\"column-2\"><\/td><td class=\"column-3\"><strong>570<\/strong><\/td><td class=\"column-4\">GUENOUNI NAJIA<\/td><td class=\"column-5\">DIRECTION DU TRAVAIL<\/td>\n<\/tr>\n<tr class=\"row-576\">\n\t<td class=\"column-1\"><\/td><td class=\"column-2\"><\/td><td class=\"column-3\"><strong>571<\/strong><\/td><td class=\"column-4\">GUERCHALI AHMED<\/td><td class=\"column-5\">Direction Provinciale de l Emploi et des Aff. soc. \u00e0 la Prov. de Larache<\/td>\n<\/tr>\n<tr class=\"row-577\">\n\t<td class=\"column-1\"><\/td><td class=\"column-2\"><\/td><td class=\"column-3\"><strong>572<\/strong><\/td><td class=\"column-4\">GUERGAI HASNA<\/td><td class=\"column-5\">DIRECTION DE l Emploi<\/td>\n<\/tr>\n<tr class=\"row-578\">\n\t<td class=\"column-1\"><\/td><td class=\"column-2\"><\/td><td class=\"column-3\"><strong>573<\/strong><\/td><td class=\"column-4\">GUEROUABI CHAIBIA<\/td><td class=\"column-5\">Direction Provinciale de l Emploi et des Aff. soc. \u00e0 la Prov. d\u2019El Jadida<\/td>\n<\/tr>\n<tr class=\"row-579\">\n\t<td class=\"column-1\"><\/td><td class=\"column-2\"><\/td><td class=\"column-3\"><strong>574<\/strong><\/td><td class=\"column-4\">GUIRATI KHADIJA<\/td><td class=\"column-5\">Direction Provinciale de l Emploi et des Aff. Soc. a la Prefect. SkhirateTemara<\/td>\n<\/tr>\n<tr class=\"row-580\">\n\t<td class=\"column-1\"><\/td><td class=\"column-2\"><\/td><td class=\"column-3\"><strong>575<\/strong><\/td><td class=\"column-4\">HABBAB AHMED<\/td><td class=\"column-5\">Direction R\u00e9gionale de l Emploi et des Affaires Sociales Laayoune<\/td>\n<\/tr>\n<tr class=\"row-581\">\n\t<td class=\"column-1\"><\/td><td class=\"column-2\"><\/td><td class=\"column-3\"><strong>576<\/strong><\/td><td class=\"column-4\">HABIBI HANAE<\/td><td class=\"column-5\">Direction R\u00e9gionale de l\u2019emploi et des Affaires Sociales F\u00e8s<\/td>\n<\/tr>\n<tr class=\"row-582\">\n\t<td class=\"column-1\"><\/td><td class=\"column-2\"><\/td><td class=\"column-3\"><strong>577<\/strong><\/td><td class=\"column-4\">HABIBI YOUSSEF<\/td><td class=\"column-5\">Direction R\u00e9gionale de l Emploi et des Affaires Sociales Safi<\/td>\n<\/tr>\n<tr class=\"row-583\">\n\t<td class=\"column-1\"><\/td><td class=\"column-2\"><\/td><td class=\"column-3\"><strong>578<\/strong><\/td><td class=\"column-4\">HADADA KHADIJA<\/td><td class=\"column-5\">Direction Provinciale de l Emploi et des Affaires Sociales \u00e0 Dakhla<\/td>\n<\/tr>\n<tr class=\"row-584\">\n\t<td class=\"column-1\"><\/td><td class=\"column-2\"><\/td><td class=\"column-3\"><strong>579<\/strong><\/td><td class=\"column-4\">HADD MUSTAPHA<\/td><td class=\"column-5\">Direction de l\u2019Observatoire National du March\u00e9 du Travail<\/td>\n<\/tr>\n<tr class=\"row-585\">\n\t<td class=\"column-1\"><\/td><td class=\"column-2\"><\/td><td class=\"column-3\"><strong>580<\/strong><\/td><td class=\"column-4\">HADDACHI MUSTAPHA<\/td><td class=\"column-5\">Direction Prov. de l\u2019Emp. et des Aff. Soc. \u00e0 la Pr\u00e9fec. Arrond. SidiBernoussi<\/td>\n<\/tr>\n<tr class=\"row-586\">\n\t<td class=\"column-1\"><\/td><td class=\"column-2\"><\/td><td class=\"column-3\"><strong>581<\/strong><\/td><td class=\"column-4\">HADDOUCHI BRAHIM<\/td><td class=\"column-5\">Direction Provinciale de l Emploi et des Aff. soc. \u00e0 la Prov. d\u2019Errachidia<\/td>\n<\/tr>\n<tr class=\"row-587\">\n\t<td class=\"column-1\"><\/td><td class=\"column-2\"><\/td><td class=\"column-3\"><strong>582<\/strong><\/td><td class=\"column-4\">HADHOUDI FATIHA<\/td><td class=\"column-5\">DIRECTION DES RESSOURCES HUMAINES,BUDGET ET AFF GENERALES<\/td>\n<\/tr>\n<tr class=\"row-588\">\n\t<td class=\"column-1\"><\/td><td class=\"column-2\"><\/td><td class=\"column-3\"><strong>583<\/strong><\/td><td class=\"column-4\">HADIRI ABDELAZIZ<\/td><td class=\"column-5\">DIRECTION DU TRAVAIL<\/td>\n<\/tr>\n<tr class=\"row-589\">\n\t<td class=\"column-1\"><\/td><td class=\"column-2\"><\/td><td class=\"column-3\"><strong>584<\/strong><\/td><td class=\"column-4\">HADJI ALI<\/td><td class=\"column-5\">Direction Provinciale de l Emploi et des Aff. soc. \u00e0 la Prov. de Kenitra<\/td>\n<\/tr>\n<tr class=\"row-590\">\n\t<td class=\"column-1\"><\/td><td class=\"column-2\"><\/td><td class=\"column-3\"><strong>585<\/strong><\/td><td class=\"column-4\">HADRANI MALIKA<\/td><td class=\"column-5\">Direction R\u00e9gionale de l Emploi et des Affaires Sociales Agadir<\/td>\n<\/tr>\n<tr class=\"row-591\">\n\t<td class=\"column-1\"><\/td><td class=\"column-2\"><\/td><td class=\"column-3\"><strong>586<\/strong><\/td><td class=\"column-4\">HAIBAOUI ZHOR<\/td><td class=\"column-5\">Direction Provinciale de l Emploi et des Aff. soc. \u00e0 la Prov. de Settat<\/td>\n<\/tr>\n<tr class=\"row-592\">\n\t<td class=\"column-1\"><\/td><td class=\"column-2\"><\/td><td class=\"column-3\"><strong>587<\/strong><\/td><td class=\"column-4\">HAIRANE ABDERRAHMAN<\/td><td class=\"column-5\">Direction Provinciale de l Emploi et des Aff. soc. \u00e0 la Prov. de Larache<\/td>\n<\/tr>\n<tr class=\"row-593\">\n\t<td class=\"column-1\"><\/td><td class=\"column-2\"><\/td><td class=\"column-3\"><strong>588<\/strong><\/td><td class=\"column-4\">HAITA MOHAMED<\/td><td class=\"column-5\">Direction Prov. de l\u2019Emp. et des Aff. Soc. \u00e0 la Pr\u00e9fec. Arrond. SidiBernoussi<\/td>\n<\/tr>\n<tr class=\"row-594\">\n\t<td class=\"column-1\"><\/td><td class=\"column-2\"><\/td><td class=\"column-3\"><strong>589<\/strong><\/td><td class=\"column-4\">HAJAM MAJDOULINE<\/td><td class=\"column-5\">Direction Provinciale de l Emploi et des Aff. Soc. \u00e0 la Pr\u00e9fect. de Mohammedia<\/td>\n<\/tr>\n<tr class=\"row-595\">\n\t<td class=\"column-1\"><\/td><td class=\"column-2\"><\/td><td class=\"column-3\"><strong>590<\/strong><\/td><td class=\"column-4\">HAJIBI AICHA<\/td><td class=\"column-5\">CASABLANCA<\/td>\n<\/tr>\n<tr class=\"row-596\">\n\t<td class=\"column-1\"><\/td><td class=\"column-2\"><\/td><td class=\"column-3\"><strong>591<\/strong><\/td><td class=\"column-4\">HAJJAJ AHMED<\/td><td class=\"column-5\">Direction Provinciale de l Emploi et des Aff. soc. \u00e0 la Prov. de Chefchaoun<\/td>\n<\/tr>\n<tr class=\"row-597\">\n\t<td class=\"column-1\"><\/td><td class=\"column-2\"><\/td><td class=\"column-3\"><strong>592<\/strong><\/td><td class=\"column-4\">HAJJAOUI FATIHA<\/td><td class=\"column-5\">DIRECTION DES RESSOURCES HUMAINES,BUDGET ET AFF GENERALES<\/td>\n<\/tr>\n<tr class=\"row-598\">\n\t<td class=\"column-1\"><\/td><td class=\"column-2\"><\/td><td class=\"column-3\"><strong>593<\/strong><\/td><td class=\"column-4\">HAJJI ANOUAR<\/td><td class=\"column-5\">Direction R\u00e9gionale de l Emploi et des Affaires Sociales Rabat<\/td>\n<\/tr>\n<tr class=\"row-599\">\n\t<td class=\"column-1\"><\/td><td class=\"column-2\"><\/td><td class=\"column-3\"><strong>594<\/strong><\/td><td class=\"column-4\">HAJJI OUAFA<\/td><td class=\"column-5\">INSPECTION GENERALE<\/td>\n<\/tr>\n<tr class=\"row-600\">\n\t<td class=\"column-1\"><\/td><td class=\"column-2\"><\/td><td class=\"column-3\"><strong>595<\/strong><\/td><td class=\"column-4\">HAKIK ABDELKRIM<\/td><td class=\"column-5\">Direction Prov. de l\u2019Emp. et des Aff. Soc. \u00e0 la Pr\u00e9fec. Arrond. SidiBernoussi<\/td>\n<\/tr>\n<tr class=\"row-601\">\n\t<td class=\"column-1\"><\/td><td class=\"column-2\"><\/td><td class=\"column-3\"><strong>596<\/strong><\/td><td class=\"column-4\">HALLOUFI NAJIA<\/td><td class=\"column-5\">Direction Prov. de l\u2019Emp. et des Aff. Soc. \u00e0 la Pr\u00e9fec. Arrond. AinSebaHayMoham<\/td>\n<\/tr>\n<tr class=\"row-602\">\n\t<td class=\"column-1\"><\/td><td class=\"column-2\"><\/td><td class=\"column-3\"><strong>597<\/strong><\/td><td class=\"column-4\">HAMANI HIND<\/td><td class=\"column-5\">Direction R\u00e9gionale de l\u2019emploi et des Affaires Sociales Tanger<\/td>\n<\/tr>\n<tr class=\"row-603\">\n\t<td class=\"column-1\"><\/td><td class=\"column-2\"><\/td><td class=\"column-3\"><strong>598<\/strong><\/td><td class=\"column-4\">HAMDAOUI RKIA<\/td><td class=\"column-5\">Direction Provinciale de l Emploi et des Aff. soc. \u00e0 la Prov. d\u2019Ouarzazate<\/td>\n<\/tr>\n<tr class=\"row-604\">\n\t<td class=\"column-1\"><\/td><td class=\"column-2\"><\/td><td class=\"column-3\"><strong>599<\/strong><\/td><td class=\"column-4\">HAMDI SAMIR<\/td><td class=\"column-5\">DIRECTION DES RESSOURCES HUMAINES,BUDGET ET AFF GENERALES<\/td>\n<\/tr>\n<tr class=\"row-605\">\n\t<td class=\"column-1\"><\/td><td class=\"column-2\"><\/td><td class=\"column-3\"><strong>600<\/strong><\/td><td class=\"column-4\">HAMDOUN KARIM<\/td><td class=\"column-5\">DIRECTION DES RESSOURCES HUMAINES,BUDGET ET AFF GENERALES<\/td>\n<\/tr>\n<tr class=\"row-606\">\n\t<td class=\"column-1\"><\/td><td class=\"column-2\"><\/td><td class=\"column-3\"><strong>601<\/strong><\/td><td class=\"column-4\">HAMDOUNI ALAMI OMAR<\/td><td class=\"column-5\">DIRECTION DU TRAVAIL<\/td>\n<\/tr>\n<tr class=\"row-607\">\n\t<td class=\"column-1\"><\/td><td class=\"column-2\"><\/td><td class=\"column-3\"><strong>602<\/strong><\/td><td class=\"column-4\">HAMIDI SALAH EDDINE<\/td><td class=\"column-5\">Direction R\u00e9gionale de l Emploi et des Affaires Sociales Agadir<\/td>\n<\/tr>\n<tr class=\"row-608\">\n\t<td class=\"column-1\"><\/td><td class=\"column-2\"><\/td><td class=\"column-3\"><strong>603<\/strong><\/td><td class=\"column-4\">HAMMOURI FOUZIA<\/td><td class=\"column-5\">Direction Provinciale de l Emploi et des Aff. soc. \u00e0 la Prov. de Kh\u00e9nifra<\/td>\n<\/tr>\n<tr class=\"row-609\">\n\t<td class=\"column-1\"><\/td><td class=\"column-2\"><\/td><td class=\"column-3\"><strong>604<\/strong><\/td><td class=\"column-4\">HAMZA JAWAD<\/td><td class=\"column-5\">INSPECTION GENERALE<\/td>\n<\/tr>\n<tr class=\"row-610\">\n\t<td class=\"column-1\"><\/td><td class=\"column-2\"><\/td><td class=\"column-3\"><strong>605<\/strong><\/td><td class=\"column-4\">HANNANI FATIMA<\/td><td class=\"column-5\">Direction Provinciale de l\u2019Emploi et des Aff. soc. \u00e0 la Prov. de Khouribga<\/td>\n<\/tr>\n<tr class=\"row-611\">\n\t<td class=\"column-1\"><\/td><td class=\"column-2\"><\/td><td class=\"column-3\"><strong>606<\/strong><\/td><td class=\"column-4\">HARISS MAJDA<\/td><td class=\"column-5\">Direction de l\u2019Observatoire National du March\u00e9 du Travail<\/td>\n<\/tr>\n<tr class=\"row-612\">\n\t<td class=\"column-1\"><\/td><td class=\"column-2\"><\/td><td class=\"column-3\"><strong>607<\/strong><\/td><td class=\"column-4\">HAROUM BELHAJ<\/td><td class=\"column-5\">Direction R\u00e9gionale de l\u2019emploi et des Affaires Sociales F\u00e8s<\/td>\n<\/tr>\n<tr class=\"row-613\">\n\t<td class=\"column-1\"><\/td><td class=\"column-2\"><\/td><td class=\"column-3\"><strong>608<\/strong><\/td><td class=\"column-4\">HAROURATE KHADIJA<\/td><td class=\"column-5\">Direction R\u00e9gionale de l Emploi et des Affaires Sociales de Casablanca-Anfa<\/td>\n<\/tr>\n<tr class=\"row-614\">\n\t<td class=\"column-1\"><\/td><td class=\"column-2\"><\/td><td class=\"column-3\"><strong>609<\/strong><\/td><td class=\"column-4\">HASBI NIAMA<\/td><td class=\"column-5\">Direction R\u00e9gionale de l Emploi et des Affaires Sociales Rabat<\/td>\n<\/tr>\n<tr class=\"row-615\">\n\t<td class=\"column-1\"><\/td><td class=\"column-2\"><\/td><td class=\"column-3\"><strong>610<\/strong><\/td><td class=\"column-4\">HASSIANE ABDELLAH<\/td><td class=\"column-5\">RABAT<\/td>\n<\/tr>\n<tr class=\"row-616\">\n\t<td class=\"column-1\"><\/td><td class=\"column-2\"><\/td><td class=\"column-3\"><strong>611<\/strong><\/td><td class=\"column-4\">HASSINE YAHYA<\/td><td class=\"column-5\">Direction Provinciale de l Emploi et des Aff. soc. \u00e0 la Prov. de Kenitra<\/td>\n<\/tr>\n<tr class=\"row-617\">\n\t<td class=\"column-1\"><\/td><td class=\"column-2\"><\/td><td class=\"column-3\"><strong>612<\/strong><\/td><td class=\"column-4\">HASSOUNI HABIBA<\/td><td class=\"column-5\">RABAT<\/td>\n<\/tr>\n<tr class=\"row-618\">\n\t<td class=\"column-1\"><\/td><td class=\"column-2\"><\/td><td class=\"column-3\"><strong>613<\/strong><\/td><td class=\"column-4\">HAZOUM KHALID<\/td><td class=\"column-5\">DIRECTION DU TRAVAIL<\/td>\n<\/tr>\n<tr class=\"row-619\">\n\t<td class=\"column-1\"><\/td><td class=\"column-2\"><\/td><td class=\"column-3\"><strong>614<\/strong><\/td><td class=\"column-4\">HBIB MOULAY OMAR<\/td><td class=\"column-5\">Direction Provinciale de l Emploi et des Aff. soc. \u00e0 la Prov. d\u2019El Hoceima<\/td>\n<\/tr>\n<tr class=\"row-620\">\n\t<td class=\"column-1\"><\/td><td class=\"column-2\"><\/td><td class=\"column-3\"><strong>615<\/strong><\/td><td class=\"column-4\">HEMIMAR RACHID<\/td><td class=\"column-5\">Direction Provinciale de l Emploi et des Aff. Soc. \u00e0 la Pr\u00e9fect. de Mekn\u00e8s<\/td>\n<\/tr>\n<tr class=\"row-621\">\n\t<td class=\"column-1\"><\/td><td class=\"column-2\"><\/td><td class=\"column-3\"><strong>616<\/strong><\/td><td class=\"column-4\">HESSANI EL MEHDI<\/td><td class=\"column-5\">Direction Provinciale de l Emploi et des Aff. soc. \u00e0 la Prov. d\u2019El Jadida<\/td>\n<\/tr>\n<tr class=\"row-622\">\n\t<td class=\"column-1\"><\/td><td class=\"column-2\"><\/td><td class=\"column-3\"><strong>617<\/strong><\/td><td class=\"column-4\">HILALY HAFSA<\/td><td class=\"column-5\">DIRECTION DES RESSOURCES HUMAINES,BUDGET ET AFF GENERALES<\/td>\n<\/tr>\n<tr class=\"row-623\">\n\t<td class=\"column-1\"><\/td><td class=\"column-2\"><\/td><td class=\"column-3\"><strong>618<\/strong><\/td><td class=\"column-4\">HILANE FATIMA ZAHRA<\/td><td class=\"column-5\">Direction R\u00e9gionale de l Emploi et des Affaires Sociales Marrakech<\/td>\n<\/tr>\n<tr class=\"row-624\">\n\t<td class=\"column-1\"><\/td><td class=\"column-2\"><\/td><td class=\"column-3\"><strong>619<\/strong><\/td><td class=\"column-4\">HOULAIMI ABDELMJID<\/td><td class=\"column-5\">DIRECTION DES RESSOURCES HUMAINES,BUDGET ET AFF GENERALES<\/td>\n<\/tr>\n<tr class=\"row-625\">\n\t<td class=\"column-1\"><\/td><td class=\"column-2\"><\/td><td class=\"column-3\"><strong>620<\/strong><\/td><td class=\"column-4\">HOUR HAKIMA<\/td><td class=\"column-5\">Direction Provinciale de l\u2019Emploi et des Aff. soc. \u00e0 la Prov. de T\u00e9touan<\/td>\n<\/tr>\n<tr class=\"row-626\">\n\t<td class=\"column-1\"><\/td><td class=\"column-2\"><\/td><td class=\"column-3\"><strong>621<\/strong><\/td><td class=\"column-4\">HRAMET HICHAM<\/td><td class=\"column-5\">DIRECTION DE l Emploi<\/td>\n<\/tr>\n<tr class=\"row-627\">\n\t<td class=\"column-1\"><\/td><td class=\"column-2\"><\/td><td class=\"column-3\"><strong>622<\/strong><\/td><td class=\"column-4\">HRARA HAITAM<\/td><td class=\"column-5\">DIRECTION DES RESSOURCES HUMAINES,BUDGET ET AFF GENERALES<\/td>\n<\/tr>\n<tr class=\"row-628\">\n\t<td class=\"column-1\"><\/td><td class=\"column-2\"><\/td><td class=\"column-3\"><strong>623<\/strong><\/td><td class=\"column-4\">IAJAB NAIMA<\/td><td class=\"column-5\">DIRECTION DES RESSOURCES HUMAINES,BUDGET ET AFF GENERALES<\/td>\n<\/tr>\n<tr class=\"row-629\">\n\t<td class=\"column-1\"><\/td><td class=\"column-2\"><\/td><td class=\"column-3\"><strong>624<\/strong><\/td><td class=\"column-4\">IBN EL KHATTAB SAID<\/td><td class=\"column-5\">Direction Provinciale de l Emploi et des Aff. soc. \u00e0 la Prov. de Khouribga<\/td>\n<\/tr>\n<tr class=\"row-630\">\n\t<td class=\"column-1\"><\/td><td class=\"column-2\"><\/td><td class=\"column-3\"><strong>625<\/strong><\/td><td class=\"column-4\">IBN RAKKANE BOUCHRA<\/td><td class=\"column-5\">Direction Provinciale de l Emploi et des Aff. soc. \u00e0 la Prov. de Larache<\/td>\n<\/tr>\n<tr class=\"row-631\">\n\t<td class=\"column-1\"><\/td><td class=\"column-2\"><\/td><td class=\"column-3\"><strong>626<\/strong><\/td><td class=\"column-4\">ICHKHAKH MUSTAPHA<\/td><td class=\"column-5\">INSPECTION GENERALE<\/td>\n<\/tr>\n<tr class=\"row-632\">\n\t<td class=\"column-1\"><\/td><td class=\"column-2\"><\/td><td class=\"column-3\"><strong>627<\/strong><\/td><td class=\"column-4\">ICHOU FAIROUZ<\/td><td class=\"column-5\">Direction R\u00e9gionale de l Emploi et des Affaires Sociales Agadir<\/td>\n<\/tr>\n<tr class=\"row-633\">\n\t<td class=\"column-1\"><\/td><td class=\"column-2\"><\/td><td class=\"column-3\"><strong>628<\/strong><\/td><td class=\"column-4\">ICHOU MOHAMED<\/td><td class=\"column-5\">Direction Provinciale de l Emploi et des Aff. soc. a la Prov. de Beni-Mellal<\/td>\n<\/tr>\n<tr class=\"row-634\">\n\t<td class=\"column-1\"><\/td><td class=\"column-2\"><\/td><td class=\"column-3\"><strong>629<\/strong><\/td><td class=\"column-4\">IDRISSI ABDELKRIM<\/td><td class=\"column-5\">Direction R\u00e9gionale de l Emploi et des Affaires Sociales Agadir<\/td>\n<\/tr>\n<tr class=\"row-635\">\n\t<td class=\"column-1\"><\/td><td class=\"column-2\"><\/td><td class=\"column-3\"><strong>630<\/strong><\/td><td class=\"column-4\">IDRISSI AICHA<\/td><td class=\"column-5\">Direction Provinciale de l\u2019Emploi et des Aff. soc. \u00e0 la Prov. de Khemisset<\/td>\n<\/tr>\n<tr class=\"row-636\">\n\t<td class=\"column-1\"><\/td><td class=\"column-2\"><\/td><td class=\"column-3\"><strong>631<\/strong><\/td><td class=\"column-4\">IDRISSI GHITA<\/td><td class=\"column-5\">Direction Provinciale de l Emploi et des Aff. Soc. \u00e0 la Pr\u00e9fect. de Sal\u00e9<\/td>\n<\/tr>\n<tr class=\"row-637\">\n\t<td class=\"column-1\"><\/td><td class=\"column-2\"><\/td><td class=\"column-3\"><strong>632<\/strong><\/td><td class=\"column-4\">IDRISSI MOULAY DRISS<\/td><td class=\"column-5\">RABAT<\/td>\n<\/tr>\n<tr class=\"row-638\">\n\t<td class=\"column-1\"><\/td><td class=\"column-2\"><\/td><td class=\"column-3\"><strong>633<\/strong><\/td><td class=\"column-4\">IDRISSI YOUSSEF<\/td><td class=\"column-5\">Direction R\u00e9gionale de l\u2019Emploi et des Affaires Sociales Rabat<\/td>\n<\/tr>\n<tr class=\"row-639\">\n\t<td class=\"column-1\"><\/td><td class=\"column-2\"><\/td><td class=\"column-3\"><strong>634<\/strong><\/td><td class=\"column-4\">IFEZWAN LAHCEN<\/td><td class=\"column-5\">DIRECTION DES RESSOURCES HUMAINES,BUDGET ET AFF GENERALES<\/td>\n<\/tr>\n<tr class=\"row-640\">\n\t<td class=\"column-1\"><\/td><td class=\"column-2\"><\/td><td class=\"column-3\"><strong>635<\/strong><\/td><td class=\"column-4\">IFQIREN HAJAR<\/td><td class=\"column-5\">DIRECTION DU TRAVAIL<\/td>\n<\/tr>\n<tr class=\"row-641\">\n\t<td class=\"column-1\"><\/td><td class=\"column-2\"><\/td><td class=\"column-3\"><strong>636<\/strong><\/td><td class=\"column-4\">IGOUZAL HAKIMA<\/td><td class=\"column-5\">Direction Provinciale de l Emploi et des Aff. soc. \u00e0 la Prov. de Kenitra<\/td>\n<\/tr>\n<tr class=\"row-642\">\n\t<td class=\"column-1\"><\/td><td class=\"column-2\"><\/td><td class=\"column-3\"><strong>637<\/strong><\/td><td class=\"column-4\">IKBAL ABDELHAMID<\/td><td class=\"column-5\">DIRECTION DES RESSOURCES HUMAINES,BUDGET ET AFF GENERALES<\/td>\n<\/tr>\n<tr class=\"row-643\">\n\t<td class=\"column-1\"><\/td><td class=\"column-2\"><\/td><td class=\"column-3\"><strong>638<\/strong><\/td><td class=\"column-4\">IKBAL MOHCINE<\/td><td class=\"column-5\">DIRECTION DES RESSOURCES HUMAINES,BUDGET ET AFF GENERALES<\/td>\n<\/tr>\n<tr class=\"row-644\">\n\t<td class=\"column-1\"><\/td><td class=\"column-2\"><\/td><td class=\"column-3\"><strong>639<\/strong><\/td><td class=\"column-4\">IKHLEF MOHAMED<\/td><td class=\"column-5\">Direction Prov. de l\u2019Emp. et des Aff. Soc. \u00e0 la Pr\u00e9fec. Arrond. de Ben M\u2019sik<\/td>\n<\/tr>\n<tr class=\"row-645\">\n\t<td class=\"column-1\"><\/td><td class=\"column-2\"><\/td><td class=\"column-3\"><strong>640<\/strong><\/td><td class=\"column-4\">ILMI ABDERRAHIM<\/td><td class=\"column-5\">Direction R\u00e9gionale de l Emploi et des Affaires Sociales de Casablanca-Anfa<\/td>\n<\/tr>\n<tr class=\"row-646\">\n\t<td class=\"column-1\"><\/td><td class=\"column-2\"><\/td><td class=\"column-3\"><strong>641<\/strong><\/td><td class=\"column-4\">IMROUTEN YOUSSEF<\/td><td class=\"column-5\">Direction Provinciale de l Emploi et des Aff. soc. \u00e0 la Prov. de T\u00e9touan<\/td>\n<\/tr>\n<tr class=\"row-647\">\n\t<td class=\"column-1\"><\/td><td class=\"column-2\"><\/td><td class=\"column-3\"><strong>642<\/strong><\/td><td class=\"column-4\">INTISSAR MAROUAN<\/td><td class=\"column-5\">Direction Provinciale de l Emploi et des Aff. soc. \u00e0 la Prov. de B\u00e9ni-Mellal<\/td>\n<\/tr>\n<tr class=\"row-648\">\n\t<td class=\"column-1\"><\/td><td class=\"column-2\"><\/td><td class=\"column-3\"><strong>643<\/strong><\/td><td class=\"column-4\">ISSAAD RAJA<\/td><td class=\"column-5\">Direction R\u00e9gionale de l\u2019Emploi et des Affaires Sociales de Casablanca-Anfa<\/td>\n<\/tr>\n<tr class=\"row-649\">\n\t<td class=\"column-1\"><\/td><td class=\"column-2\"><\/td><td class=\"column-3\"><strong>644<\/strong><\/td><td class=\"column-4\">IZMAOUEN CHAMA<\/td><td class=\"column-5\">DIRECTION DES RESSOURCES HUMAINES,BUDGET ET AFF GENERALES<\/td>\n<\/tr>\n<tr class=\"row-650\">\n\t<td class=\"column-1\"><\/td><td class=\"column-2\"><\/td><td class=\"column-3\"><strong>645<\/strong><\/td><td class=\"column-4\">JAAFARI ZAKARIA<\/td><td class=\"column-5\">DIRECTION DES RESSOURCES HUMAINES,BUDGET ET AFF GENERALES<\/td>\n<\/tr>\n<tr class=\"row-651\">\n\t<td class=\"column-1\"><\/td><td class=\"column-2\"><\/td><td class=\"column-3\"><strong>646<\/strong><\/td><td class=\"column-4\">JABEL BRAHIM<\/td><td class=\"column-5\">Direction R\u00e9gionale de l Emploi et des Affaires Sociales Agadir<\/td>\n<\/tr>\n<tr class=\"row-652\">\n\t<td class=\"column-1\"><\/td><td class=\"column-2\"><\/td><td class=\"column-3\"><strong>647<\/strong><\/td><td class=\"column-4\">JAI ANDALOUSSI FOUZIA<\/td><td class=\"column-5\">DIRECTION DE l Emploi<\/td>\n<\/tr>\n<tr class=\"row-653\">\n\t<td class=\"column-1\"><\/td><td class=\"column-2\"><\/td><td class=\"column-3\"><strong>648<\/strong><\/td><td class=\"column-4\">JAJJA OUSSAMA<\/td><td class=\"column-5\">DIRECTION DES RESSOURCES HUMAINES,BUDGET ET AFF GENERALES<\/td>\n<\/tr>\n<tr class=\"row-654\">\n\t<td class=\"column-1\"><\/td><td class=\"column-2\"><\/td><td class=\"column-3\"><strong>649<\/strong><\/td><td class=\"column-4\">JAK EL HAIBA<\/td><td class=\"column-5\">Direction R\u00e9gionale de l Emploi et des Affaires Sociales Laayoune<\/td>\n<\/tr>\n<tr class=\"row-655\">\n\t<td class=\"column-1\"><\/td><td class=\"column-2\"><\/td><td class=\"column-3\"><strong>650<\/strong><\/td><td class=\"column-4\">JAMJAM MOHAMED<\/td><td class=\"column-5\">Direction R\u00e9gionale de l Emploi et des Affaires Sociales Safi<\/td>\n<\/tr>\n<tr class=\"row-656\">\n\t<td class=\"column-1\"><\/td><td class=\"column-2\"><\/td><td class=\"column-3\"><strong>651<\/strong><\/td><td class=\"column-4\">JANATI IDRISSI MOHAMMED<\/td><td class=\"column-5\">DIRECTION DU TRAVAIL<\/td>\n<\/tr>\n<tr class=\"row-657\">\n\t<td class=\"column-1\"><\/td><td class=\"column-2\"><\/td><td class=\"column-3\"><strong>652<\/strong><\/td><td class=\"column-4\">JAOUANE ABDELKABIR<\/td><td class=\"column-5\">Direction R\u00e9gionale de l Emploi et des Affaires Sociales F\u00e8s<\/td>\n<\/tr>\n<tr class=\"row-658\">\n\t<td class=\"column-1\"><\/td><td class=\"column-2\"><\/td><td class=\"column-3\"><strong>653<\/strong><\/td><td class=\"column-4\">JEBBAR HASSANE<\/td><td class=\"column-5\">Direction R\u00e9gionale de l Emploi et des Affaires Sociales Agadir<\/td>\n<\/tr>\n<tr class=\"row-659\">\n\t<td class=\"column-1\"><\/td><td class=\"column-2\"><\/td><td class=\"column-3\"><strong>654<\/strong><\/td><td class=\"column-4\">JEBRANE LARBI<\/td><td class=\"column-5\">Direction de l\u2019Observatoire National du March\u00e9 du Travail<\/td>\n<\/tr>\n<tr class=\"row-660\">\n\t<td class=\"column-1\"><\/td><td class=\"column-2\"><\/td><td class=\"column-3\"><strong>655<\/strong><\/td><td class=\"column-4\">JELLOULI SOUAD<\/td><td class=\"column-5\">Direction Provinciale de l Emploi et des Aff. soc. \u00e0 la Prov. de Berkane<\/td>\n<\/tr>\n<tr class=\"row-661\">\n\t<td class=\"column-1\"><\/td><td class=\"column-2\"><\/td><td class=\"column-3\"><strong>656<\/strong><\/td><td class=\"column-4\">JIDDI SOUAD<\/td><td class=\"column-5\">DIRECTION DU TRAVAIL<\/td>\n<\/tr>\n<tr class=\"row-662\">\n\t<td class=\"column-1\"><\/td><td class=\"column-2\"><\/td><td class=\"column-3\"><strong>657<\/strong><\/td><td class=\"column-4\">JOUHRI AMAL<\/td><td class=\"column-5\">Direction Prov. de l\u2019Emp. et des Aff. Soc. \u00e0 la Pr\u00e9fec. Arrond. HayHassaAinChok<\/td>\n<\/tr>\n<tr class=\"row-663\">\n\t<td class=\"column-1\"><\/td><td class=\"column-2\"><\/td><td class=\"column-3\"><strong>658<\/strong><\/td><td class=\"column-4\">JOUMAIL SOUMAYA<\/td><td class=\"column-5\">Direction de la coop\u00e9ration internationale et du partenariat<\/td>\n<\/tr>\n<tr class=\"row-664\">\n\t<td class=\"column-1\"><\/td><td class=\"column-2\"><\/td><td class=\"column-3\"><strong>659<\/strong><\/td><td class=\"column-4\">JTITOU ASMAA<\/td><td class=\"column-5\">DIRECTION DE l Emploi<\/td>\n<\/tr>\n<tr class=\"row-665\">\n\t<td class=\"column-1\"><\/td><td class=\"column-2\"><\/td><td class=\"column-3\"><strong>660<\/strong><\/td><td class=\"column-4\">KABBAJ WAFAA<\/td><td class=\"column-5\">Direction Provinciale de l\u2019Emploi et des Aff. Soc. \u00e0 la Pr\u00e9fect. de Mohammedia<\/td>\n<\/tr>\n<tr class=\"row-666\">\n\t<td class=\"column-1\"><\/td><td class=\"column-2\"><\/td><td class=\"column-3\"><strong>661<\/strong><\/td><td class=\"column-4\">KABBOUS ABDELLAH<\/td><td class=\"column-5\">Direction Provinciale de l\u2019Emploi et des Aff. soc. \u00e0 la Prov. d\u2019Essaouira<\/td>\n<\/tr>\n<tr class=\"row-667\">\n\t<td class=\"column-1\"><\/td><td class=\"column-2\"><\/td><td class=\"column-3\"><strong>662<\/strong><\/td><td class=\"column-4\">KADDACH FATIMA<\/td><td class=\"column-5\">Direction Provinciale de l Emploi et des Aff. soc. \u00e0 la Prov. de Kenitra<\/td>\n<\/tr>\n<tr class=\"row-668\">\n\t<td class=\"column-1\"><\/td><td class=\"column-2\"><\/td><td class=\"column-3\"><strong>663<\/strong><\/td><td class=\"column-4\">KADDOURI ABDELALI<\/td><td class=\"column-5\">Direction Provinciale de l\u2019Emploi et des Aff. soc. \u00e0 la Prov. d\u2019Ouarzazate<\/td>\n<\/tr>\n<tr class=\"row-669\">\n\t<td class=\"column-1\"><\/td><td class=\"column-2\"><\/td><td class=\"column-3\"><strong>664<\/strong><\/td><td class=\"column-4\">KADIRI MOHAMED<\/td><td class=\"column-5\">DIRECTION DES RESSOURCES HUMAINES,BUDGET ET AFF GENERALES<\/td>\n<\/tr>\n<tr class=\"row-670\">\n\t<td class=\"column-1\"><\/td><td class=\"column-2\"><\/td><td class=\"column-3\"><strong>665<\/strong><\/td><td class=\"column-4\">KAHILOU DRISS<\/td><td class=\"column-5\">Direction Provinciale de l\u2019Emploi et des Aff. Soc. \u00e0 la Pr\u00e9fect. de Mekn\u00e8s<\/td>\n<\/tr>\n<tr class=\"row-671\">\n\t<td class=\"column-1\"><\/td><td class=\"column-2\"><\/td><td class=\"column-3\"><strong>666<\/strong><\/td><td class=\"column-4\">KANDOUSSI MOHAMED<\/td><td class=\"column-5\">RABAT<\/td>\n<\/tr>\n<tr class=\"row-672\">\n\t<td class=\"column-1\"><\/td><td class=\"column-2\"><\/td><td class=\"column-3\"><strong>667<\/strong><\/td><td class=\"column-4\">KARHATE ANDALOUSSI CHAKIB<\/td><td class=\"column-5\">KENITRA<\/td>\n<\/tr>\n<tr class=\"row-673\">\n\t<td class=\"column-1\"><\/td><td class=\"column-2\"><\/td><td class=\"column-3\"><strong>668<\/strong><\/td><td class=\"column-4\">KARIM ABDERRAHIM<\/td><td class=\"column-5\">INSPECTION GENERALE<\/td>\n<\/tr>\n<tr class=\"row-674\">\n\t<td class=\"column-1\"><\/td><td class=\"column-2\"><\/td><td class=\"column-3\"><strong>669<\/strong><\/td><td class=\"column-4\">KARIM ILHAM<\/td><td class=\"column-5\">Direction Provinciale de l Emploi et des Aff. soc. \u00e0 la Prov. d\u2019El Jadida<\/td>\n<\/tr>\n<tr class=\"row-675\">\n\t<td class=\"column-1\"><\/td><td class=\"column-2\"><\/td><td class=\"column-3\"><strong>670<\/strong><\/td><td class=\"column-4\">KARIM MOHAMED<\/td><td class=\"column-5\">RABAT<\/td>\n<\/tr>\n<tr class=\"row-676\">\n\t<td class=\"column-1\"><\/td><td class=\"column-2\"><\/td><td class=\"column-3\"><strong>671<\/strong><\/td><td class=\"column-4\">KARTASSI MOHAMED<\/td><td class=\"column-5\">Direction Prov. de l\u2019Emp. et des Aff. Soc. \u00e0 la Pr\u00e9fec. Arrond. de Ben M\u2019sik<\/td>\n<\/tr>\n<tr class=\"row-677\">\n\t<td class=\"column-1\"><\/td><td class=\"column-2\"><\/td><td class=\"column-3\"><strong>672<\/strong><\/td><td class=\"column-4\">KASSIMI OUMAYMA<\/td><td class=\"column-5\">DIRECTION DE l Emploi<\/td>\n<\/tr>\n<tr class=\"row-678\">\n\t<td class=\"column-1\"><\/td><td class=\"column-2\"><\/td><td class=\"column-3\"><strong>673<\/strong><\/td><td class=\"column-4\">KASSIMI SOUKAINA<\/td><td class=\"column-5\">Direction Provinciale de l Emploi et des Aff. soc. \u00e0 la Prov. de B\u00e9ni-Mellal<\/td>\n<\/tr>\n<tr class=\"row-679\">\n\t<td class=\"column-1\"><\/td><td class=\"column-2\"><\/td><td class=\"column-3\"><strong>674<\/strong><\/td><td class=\"column-4\">KHACAL FATIHA<\/td><td class=\"column-5\">KENITRA<\/td>\n<\/tr>\n<tr class=\"row-680\">\n\t<td class=\"column-1\"><\/td><td class=\"column-2\"><\/td><td class=\"column-3\"><strong>675<\/strong><\/td><td class=\"column-4\">KHAIRAT RABIA<\/td><td class=\"column-5\">Direction R\u00e9gionale de l Emploi et des Affaires Sociales de Casablanca-Anfa<\/td>\n<\/tr>\n<tr class=\"row-681\">\n\t<td class=\"column-1\"><\/td><td class=\"column-2\"><\/td><td class=\"column-3\"><strong>676<\/strong><\/td><td class=\"column-4\">KHAIRAT TOUFIK<\/td><td class=\"column-5\">Direction Provinciale de l Emploi et des Aff. Soc. \u00e0 la Pr\u00e9fect. SkhirateT\u00e9mara<\/td>\n<\/tr>\n<tr class=\"row-682\">\n\t<td class=\"column-1\"><\/td><td class=\"column-2\"><\/td><td class=\"column-3\"><strong>677<\/strong><\/td><td class=\"column-4\">KHAIROUN KARIMA<\/td><td class=\"column-5\">Direction R\u00e9gionale de l Emploi et des Affaires Sociales Tanger<\/td>\n<\/tr>\n<tr class=\"row-683\">\n\t<td class=\"column-1\"><\/td><td class=\"column-2\"><\/td><td class=\"column-3\"><strong>678<\/strong><\/td><td class=\"column-4\">KHAJJOU FEHD<\/td><td class=\"column-5\">Direction R\u00e9gionale de l\u2019emploi et des Affaires Sociales Marrakech<\/td>\n<\/tr>\n<tr class=\"row-684\">\n\t<td class=\"column-1\"><\/td><td class=\"column-2\"><\/td><td class=\"column-3\"><strong>679<\/strong><\/td><td class=\"column-4\">KHALISSI MOURAD<\/td><td class=\"column-5\">Direction Provinciale de l Emploi et des Aff. soc. a la Prov. de Beni-Mellal<\/td>\n<\/tr>\n<tr class=\"row-685\">\n\t<td class=\"column-1\"><\/td><td class=\"column-2\"><\/td><td class=\"column-3\"><strong>680<\/strong><\/td><td class=\"column-4\">KHALLADI LAILA<\/td><td class=\"column-5\">DIRECTION DE LA PROTECTION\/S. DES TRAVAILLEURS<\/td>\n<\/tr>\n<tr class=\"row-686\">\n\t<td class=\"column-1\"><\/td><td class=\"column-2\"><\/td><td class=\"column-3\"><strong>681<\/strong><\/td><td class=\"column-4\">KHAMACH IMANE<\/td><td class=\"column-5\">DIRECTION DE l Emploi<\/td>\n<\/tr>\n<tr class=\"row-687\">\n\t<td class=\"column-1\"><\/td><td class=\"column-2\"><\/td><td class=\"column-3\"><strong>682<\/strong><\/td><td class=\"column-4\">KHAMLICHI ABDELOUAHED<\/td><td class=\"column-5\">Direction Provinciale de l Emploi et des Aff. soc. a la Prov. de sidi Slimane<\/td>\n<\/tr>\n<tr class=\"row-688\">\n\t<td class=\"column-1\"><\/td><td class=\"column-2\"><\/td><td class=\"column-3\"><strong>683<\/strong><\/td><td class=\"column-4\">KHAMLICHI FAICAL<\/td><td class=\"column-5\">Direction Provinciale de l Emploi et des Aff. soc. \u00e0 la Prov. de Kenitra<\/td>\n<\/tr>\n<tr class=\"row-689\">\n\t<td class=\"column-1\"><\/td><td class=\"column-2\"><\/td><td class=\"column-3\"><strong>684<\/strong><\/td><td class=\"column-4\">KHAMLICHI MOHAMMED<\/td><td class=\"column-5\">Direction Provinciale de l\u2019Emploi et des Aff. Soc. \u00e0 la Pr\u00e9fect. de Sal\u00e9<\/td>\n<\/tr>\n<tr class=\"row-690\">\n\t<td class=\"column-1\"><\/td><td class=\"column-2\"><\/td><td class=\"column-3\"><strong>685<\/strong><\/td><td class=\"column-4\">KHARBOUCHE MINA<\/td><td class=\"column-5\">Direction Provinciale de l\u2019Emploi et des Aff. Soc. \u00e0 la Pr\u00e9fect. SkhirateT\u00e9mara<\/td>\n<\/tr>\n<tr class=\"row-691\">\n\t<td class=\"column-1\"><\/td><td class=\"column-2\"><\/td><td class=\"column-3\"><strong>686<\/strong><\/td><td class=\"column-4\">KHAROUFI KHADIJA<\/td><td class=\"column-5\">Direction R\u00e9gionale de l\u2019emploi et des Affaires Sociales Marrakech<\/td>\n<\/tr>\n<tr class=\"row-692\">\n\t<td class=\"column-1\"><\/td><td class=\"column-2\"><\/td><td class=\"column-3\"><strong>687<\/strong><\/td><td class=\"column-4\">KHATIBI YOUNESS<\/td><td class=\"column-5\">Direction Provinciale de l Emploi et des Aff. soc. \u00e0 la Prov. d\u2019El Jadida<\/td>\n<\/tr>\n<tr class=\"row-693\">\n\t<td class=\"column-1\"><\/td><td class=\"column-2\"><\/td><td class=\"column-3\"><strong>688<\/strong><\/td><td class=\"column-4\">KHATORI ABDELKARIM<\/td><td class=\"column-5\">DIRECTION DES RESSOURCES HUMAINES,BUDGET ET AFF GENERALES<\/td>\n<\/tr>\n<tr class=\"row-694\">\n\t<td class=\"column-1\"><\/td><td class=\"column-2\"><\/td><td class=\"column-3\"><strong>689<\/strong><\/td><td class=\"column-4\">KHEDADOU TARIQ<\/td><td class=\"column-5\">DIRECTION DE l Emploi<\/td>\n<\/tr>\n<tr class=\"row-695\">\n\t<td class=\"column-1\"><\/td><td class=\"column-2\"><\/td><td class=\"column-3\"><strong>690<\/strong><\/td><td class=\"column-4\">KHLIFI MOHAMED AMINE<\/td><td class=\"column-5\">Direction Prov. de l\u2019Emp. et des Aff. Soc. \u00e0 la Pr\u00e9fec. Arrond. de Ben M\u2019sik<\/td>\n<\/tr>\n<tr class=\"row-696\">\n\t<td class=\"column-1\"><\/td><td class=\"column-2\"><\/td><td class=\"column-3\"><strong>691<\/strong><\/td><td class=\"column-4\">KIROU MERIAM<\/td><td class=\"column-5\">Direction Provinciale de l\u2019Emploi et des Aff. soc. \u00e0 la Prov. d\u2019El Jadida<\/td>\n<\/tr>\n<tr class=\"row-697\">\n\t<td class=\"column-1\"><\/td><td class=\"column-2\"><\/td><td class=\"column-3\"><strong>692<\/strong><\/td><td class=\"column-4\">KITMANE IMANE<\/td><td class=\"column-5\">Direction Prov. de l\u2019Emp. et des Aff. Soc. \u00e0 la Pr\u00e9fec. Arrond. HayHassaAinChok<\/td>\n<\/tr>\n<tr class=\"row-698\">\n\t<td class=\"column-1\"><\/td><td class=\"column-2\"><\/td><td class=\"column-3\"><strong>693<\/strong><\/td><td class=\"column-4\">KMIMECH ABDELLAH<\/td><td class=\"column-5\">DIRECTION DU TRAVAIL<\/td>\n<\/tr>\n<tr class=\"row-699\">\n\t<td class=\"column-1\"><\/td><td class=\"column-2\"><\/td><td class=\"column-3\"><strong>694<\/strong><\/td><td class=\"column-4\">KOUIDSI MOULAY<\/td><td class=\"column-5\">Direction R\u00e9gionale de l Emploi et des Affaires Sociales Laayoune<\/td>\n<\/tr>\n<tr class=\"row-700\">\n\t<td class=\"column-1\"><\/td><td class=\"column-2\"><\/td><td class=\"column-3\"><strong>695<\/strong><\/td><td class=\"column-4\">KOUSKOUS ZAIMA<\/td><td class=\"column-5\">Direction Provinciale de l Emploi et des Aff. soc. a la Prov. de Taza<\/td>\n<\/tr>\n<tr class=\"row-701\">\n\t<td class=\"column-1\"><\/td><td class=\"column-2\"><\/td><td class=\"column-3\"><strong>696<\/strong><\/td><td class=\"column-4\">KRID SAADIA<\/td><td class=\"column-5\">RABAT<\/td>\n<\/tr>\n<tr class=\"row-702\">\n\t<td class=\"column-1\"><\/td><td class=\"column-2\"><\/td><td class=\"column-3\"><strong>697<\/strong><\/td><td class=\"column-4\">KRIKECHE MOUNIR<\/td><td class=\"column-5\">Direction Provinciale de l Emploi et des Aff. Soc. \u00e0 la Pr\u00e9fect. de Sal\u00e9<\/td>\n<\/tr>\n<tr class=\"row-703\">\n\t<td class=\"column-1\"><\/td><td class=\"column-2\"><\/td><td class=\"column-3\"><strong>698<\/strong><\/td><td class=\"column-4\">KTIOUI FATIMA<\/td><td class=\"column-5\">Direction Provinciale de l Emploi et des Aff. soc. \u00e0 la Prov. de Kenitra<\/td>\n<\/tr>\n<tr class=\"row-704\">\n\t<td class=\"column-1\"><\/td><td class=\"column-2\"><\/td><td class=\"column-3\"><strong>699<\/strong><\/td><td class=\"column-4\">LAABI KARIMA<\/td><td class=\"column-5\">Direction R\u00e9gionale de l Emploi et des Affaires Sociales Rabat<\/td>\n<\/tr>\n<tr class=\"row-705\">\n\t<td class=\"column-1\"><\/td><td class=\"column-2\"><\/td><td class=\"column-3\"><strong>700<\/strong><\/td><td class=\"column-4\">LAAJAJ HASSAN<\/td><td class=\"column-5\">Direction Prov. de l Emp. et des Aff. Soc. a la Prefec. Arrond. Fida-MersSultan<\/td>\n<\/tr>\n<tr class=\"row-706\">\n\t<td class=\"column-1\"><\/td><td class=\"column-2\"><\/td><td class=\"column-3\"><strong>701<\/strong><\/td><td class=\"column-4\">LAALOU ALI<\/td><td class=\"column-5\">Direction Provinciale de l Emploi et des Aff. Soc. \u00e0 la Pr\u00e9fect. de Sal\u00e9<\/td>\n<\/tr>\n<tr class=\"row-707\">\n\t<td class=\"column-1\"><\/td><td class=\"column-2\"><\/td><td class=\"column-3\"><strong>702<\/strong><\/td><td class=\"column-4\">LAAMARTI ANASS<\/td><td class=\"column-5\">Direction Provinciale de l Emploi et des Aff. soc. \u00e0 la Prov. de Taza<\/td>\n<\/tr>\n<tr class=\"row-708\">\n\t<td class=\"column-1\"><\/td><td class=\"column-2\"><\/td><td class=\"column-3\"><strong>703<\/strong><\/td><td class=\"column-4\">LAAMRAOUI LOUBNA<\/td><td class=\"column-5\">DIRECTION DES RESSOURCES HUMAINES,BUDGET ET AFF GENERALES<\/td>\n<\/tr>\n<tr class=\"row-709\">\n\t<td class=\"column-1\"><\/td><td class=\"column-2\"><\/td><td class=\"column-3\"><strong>704<\/strong><\/td><td class=\"column-4\">LAARIOUI AYA<\/td><td class=\"column-5\">INSPECTION GENERALE<\/td>\n<\/tr>\n<tr class=\"row-710\">\n\t<td class=\"column-1\"><\/td><td class=\"column-2\"><\/td><td class=\"column-3\"><strong>705<\/strong><\/td><td class=\"column-4\">LAAROUSSI ABDELKBIR<\/td><td class=\"column-5\">Direction Provinciale de l Emploi et des Aff. Soc. \u00e0 la Pr\u00e9fect. SkhirateT\u00e9mara<\/td>\n<\/tr>\n<tr class=\"row-711\">\n\t<td class=\"column-1\"><\/td><td class=\"column-2\"><\/td><td class=\"column-3\"><strong>706<\/strong><\/td><td class=\"column-4\">LAAROUSSI LAYACHI<\/td><td class=\"column-5\">Direction R\u00e9gionale de l Emploi et des Affaires Sociales Rabat<\/td>\n<\/tr>\n<tr class=\"row-712\">\n\t<td class=\"column-1\"><\/td><td class=\"column-2\"><\/td><td class=\"column-3\"><strong>707<\/strong><\/td><td class=\"column-4\">LABIDI AMAL<\/td><td class=\"column-5\">Direction R\u00e9gionale de l Emploi et des Affaires Sociales Tanger<\/td>\n<\/tr>\n<tr class=\"row-713\">\n\t<td class=\"column-1\"><\/td><td class=\"column-2\"><\/td><td class=\"column-3\"><strong>708<\/strong><\/td><td class=\"column-4\">LACHGAR YOUNES<\/td><td class=\"column-5\">Direction R\u00e9gionale de l\u2019Emploi et des Affaires Sociales Safi<\/td>\n<\/tr>\n<tr class=\"row-714\">\n\t<td class=\"column-1\"><\/td><td class=\"column-2\"><\/td><td class=\"column-3\"><strong>709<\/strong><\/td><td class=\"column-4\">LACHKHAM DOUAE<\/td><td class=\"column-5\">DIRECTION DE l Emploi<\/td>\n<\/tr>\n<tr class=\"row-715\">\n\t<td class=\"column-1\"><\/td><td class=\"column-2\"><\/td><td class=\"column-3\"><strong>710<\/strong><\/td><td class=\"column-4\">LACHQAR AYOUB<\/td><td class=\"column-5\">Direction R\u00e9gionale de l Emploi et des Affaires Sociales Rabat<\/td>\n<\/tr>\n<tr class=\"row-716\">\n\t<td class=\"column-1\"><\/td><td class=\"column-2\"><\/td><td class=\"column-3\"><strong>711<\/strong><\/td><td class=\"column-4\">LAGHOUITA ASMAA<\/td><td class=\"column-5\">Direction Prov. de l\u2019Emp. et des Aff. Soc. \u00e0 la Pr\u00e9fec. Arrond. AinSebaHayMoham<\/td>\n<\/tr>\n<tr class=\"row-717\">\n\t<td class=\"column-1\"><\/td><td class=\"column-2\"><\/td><td class=\"column-3\"><strong>712<\/strong><\/td><td class=\"column-4\">LAGHRIB ABDERRAZAK<\/td><td class=\"column-5\">Direction R\u00e9gionale de l\u2019Emploi et des Affaires Sociales Rabat<\/td>\n<\/tr>\n<tr class=\"row-718\">\n\t<td class=\"column-1\"><\/td><td class=\"column-2\"><\/td><td class=\"column-3\"><strong>713<\/strong><\/td><td class=\"column-4\">LAGHRIFI ABDERAHMANE<\/td><td class=\"column-5\">RABAT<\/td>\n<\/tr>\n<tr class=\"row-719\">\n\t<td class=\"column-1\"><\/td><td class=\"column-2\"><\/td><td class=\"column-3\"><strong>714<\/strong><\/td><td class=\"column-4\">LAHFAIA FATIMA<\/td><td class=\"column-5\">Direction R\u00e9gionale de l Emploi et des Affaires Sociales Rabat<\/td>\n<\/tr>\n<tr class=\"row-720\">\n\t<td class=\"column-1\"><\/td><td class=\"column-2\"><\/td><td class=\"column-3\"><strong>715<\/strong><\/td><td class=\"column-4\">LAHLAL AHMED<\/td><td class=\"column-5\">CASABLANCA<\/td>\n<\/tr>\n<tr class=\"row-721\">\n\t<td class=\"column-1\"><\/td><td class=\"column-2\"><\/td><td class=\"column-3\"><strong>716<\/strong><\/td><td class=\"column-4\">LAHMAMA ABDELMAJID<\/td><td class=\"column-5\">Direction Regionale de l Emploi et des Affaires Sociales Rabat<\/td>\n<\/tr>\n<tr class=\"row-722\">\n\t<td class=\"column-1\"><\/td><td class=\"column-2\"><\/td><td class=\"column-3\"><strong>717<\/strong><\/td><td class=\"column-4\">LAHMAR EL MUSTAPHA<\/td><td class=\"column-5\">DIRECTION DES RESSOURCES HUMAINES,BUDGET ET AFF GENERALES<\/td>\n<\/tr>\n<tr class=\"row-723\">\n\t<td class=\"column-1\"><\/td><td class=\"column-2\"><\/td><td class=\"column-3\"><strong>718<\/strong><\/td><td class=\"column-4\">LAHNIN SELOUA<\/td><td class=\"column-5\">DIRECTION DU TRAVAIL<\/td>\n<\/tr>\n<tr class=\"row-724\">\n\t<td class=\"column-1\"><\/td><td class=\"column-2\"><\/td><td class=\"column-3\"><strong>719<\/strong><\/td><td class=\"column-4\">LAIDOUNI IHSSANE<\/td><td class=\"column-5\">Direction R\u00e9gionale de l Emploi et des Affaires Sociales Tanger<\/td>\n<\/tr>\n<tr class=\"row-725\">\n\t<td class=\"column-1\"><\/td><td class=\"column-2\"><\/td><td class=\"column-3\"><strong>720<\/strong><\/td><td class=\"column-4\">LAILI KHALID<\/td><td class=\"column-5\">Direction R\u00e9gionale de l Emploi et des Affaires Sociales F\u00e8s<\/td>\n<\/tr>\n<tr class=\"row-726\">\n\t<td class=\"column-1\"><\/td><td class=\"column-2\"><\/td><td class=\"column-3\"><strong>721<\/strong><\/td><td class=\"column-4\">LAIMAIRI ATIKA<\/td><td class=\"column-5\">Direction R\u00e9gionale de l Emploi et des Affaires Sociales Marrakech<\/td>\n<\/tr>\n<tr class=\"row-727\">\n\t<td class=\"column-1\"><\/td><td class=\"column-2\"><\/td><td class=\"column-3\"><strong>722<\/strong><\/td><td class=\"column-4\">LAKHAL KARIMA<\/td><td class=\"column-5\">Direction R\u00e9gionale de l Emploi et des Affaires Sociales Oujda<\/td>\n<\/tr>\n<tr class=\"row-728\">\n\t<td class=\"column-1\"><\/td><td class=\"column-2\"><\/td><td class=\"column-3\"><strong>723<\/strong><\/td><td class=\"column-4\">LAKHAL SALAHEDDINE<\/td><td class=\"column-5\">Direction Provinciale de l\u2019Emploi et des Aff. soc. \u00e0 la Prov. de Khemisset<\/td>\n<\/tr>\n<tr class=\"row-729\">\n\t<td class=\"column-1\"><\/td><td class=\"column-2\"><\/td><td class=\"column-3\"><strong>724<\/strong><\/td><td class=\"column-4\">LAKHDAR ABDELHADI<\/td><td class=\"column-5\">Direction Provinciale de l Emploi et des Aff. soc. \u00e0 la Prov. de B\u00e9ni-Mellal<\/td>\n<\/tr>\n<tr class=\"row-730\">\n\t<td class=\"column-1\"><\/td><td class=\"column-2\"><\/td><td class=\"column-3\"><strong>725<\/strong><\/td><td class=\"column-4\">LAKHRURAZ KHADIJA<\/td><td class=\"column-5\">SECRETARIAT GENERAL<\/td>\n<\/tr>\n<tr class=\"row-731\">\n\t<td class=\"column-1\"><\/td><td class=\"column-2\"><\/td><td class=\"column-3\"><strong>726<\/strong><\/td><td class=\"column-4\">LAKROUNE AZIZA<\/td><td class=\"column-5\">Direction de l Observatoire National du Marche du Travail<\/td>\n<\/tr>\n<tr class=\"row-732\">\n\t<td class=\"column-1\"><\/td><td class=\"column-2\"><\/td><td class=\"column-3\"><strong>727<\/strong><\/td><td class=\"column-4\">LAMA ABDELMALEK<\/td><td class=\"column-5\">Direction Provinciale de l Emploi et des Aff. soc. \u00e0 la Prov. d\u2019Essaouira<\/td>\n<\/tr>\n<tr class=\"row-733\">\n\t<td class=\"column-1\"><\/td><td class=\"column-2\"><\/td><td class=\"column-3\"><strong>728<\/strong><\/td><td class=\"column-4\">LAMAALMI JAMAL<\/td><td class=\"column-5\">Direction R\u00e9gionale de l\u2019emploi et des Affaires Sociales F\u00e8s<\/td>\n<\/tr>\n<tr class=\"row-734\">\n\t<td class=\"column-1\"><\/td><td class=\"column-2\"><\/td><td class=\"column-3\"><strong>729<\/strong><\/td><td class=\"column-4\">LAMBARKI ADIL<\/td><td class=\"column-5\">Direction Provinciale de l\u2019Emploi et des Aff. Soc. \u00e0 la Pr\u00e9fect. de Mekn\u00e8s<\/td>\n<\/tr>\n<tr class=\"row-735\">\n\t<td class=\"column-1\"><\/td><td class=\"column-2\"><\/td><td class=\"column-3\"><strong>730<\/strong><\/td><td class=\"column-4\">LAMHAMDI MOHAMMED<\/td><td class=\"column-5\">INSPECTION GENERALE<\/td>\n<\/tr>\n<tr class=\"row-736\">\n\t<td class=\"column-1\"><\/td><td class=\"column-2\"><\/td><td class=\"column-3\"><strong>731<\/strong><\/td><td class=\"column-4\">LAMRABET MOUAD<\/td><td class=\"column-5\">DIRECTION DE l Emploi<\/td>\n<\/tr>\n<tr class=\"row-737\">\n\t<td class=\"column-1\"><\/td><td class=\"column-2\"><\/td><td class=\"column-3\"><strong>732<\/strong><\/td><td class=\"column-4\">LAMSOUBE KHADIJA<\/td><td class=\"column-5\">Direction R\u00e9gionale de l Emploi et des Affaires Sociales Agadir<\/td>\n<\/tr>\n<tr class=\"row-738\">\n\t<td class=\"column-1\"><\/td><td class=\"column-2\"><\/td><td class=\"column-3\"><strong>733<\/strong><\/td><td class=\"column-4\">LANANI YOUNESS<\/td><td class=\"column-5\">Direction Provinciale de l\u2019Emploi et des Aff. soc. \u00e0 la Prov. de Larache<\/td>\n<\/tr>\n<tr class=\"row-739\">\n\t<td class=\"column-1\"><\/td><td class=\"column-2\"><\/td><td class=\"column-3\"><strong>734<\/strong><\/td><td class=\"column-4\">LARHNIM ASIA<\/td><td class=\"column-5\">Direction Regionale de l emploi et des Affaires Sociales Fes<\/td>\n<\/tr>\n<tr class=\"row-740\">\n\t<td class=\"column-1\"><\/td><td class=\"column-2\"><\/td><td class=\"column-3\"><strong>735<\/strong><\/td><td class=\"column-4\">LAZRAK NAJOUA<\/td><td class=\"column-5\">DIRECTION DE l Emploi<\/td>\n<\/tr>\n<tr class=\"row-741\">\n\t<td class=\"column-1\"><\/td><td class=\"column-2\"><\/td><td class=\"column-3\"><strong>736<\/strong><\/td><td class=\"column-4\">LEBBAR ALLAL<\/td><td class=\"column-5\">Fes<\/td>\n<\/tr>\n<tr class=\"row-742\">\n\t<td class=\"column-1\"><\/td><td class=\"column-2\"><\/td><td class=\"column-3\"><strong>737<\/strong><\/td><td class=\"column-4\">LECHKAR HASSAN<\/td><td class=\"column-5\">Direction R\u00e9gionale de l Emploi et des Affaires Sociales F\u00e8s<\/td>\n<\/tr>\n<tr class=\"row-743\">\n\t<td class=\"column-1\"><\/td><td class=\"column-2\"><\/td><td class=\"column-3\"><strong>738<\/strong><\/td><td class=\"column-4\">LEHMAM HAYAT<\/td><td class=\"column-5\">Direction Regionale de l emploi et des Affaires Sociales Fes<\/td>\n<\/tr>\n<tr class=\"row-744\">\n\t<td class=\"column-1\"><\/td><td class=\"column-2\"><\/td><td class=\"column-3\"><strong>739<\/strong><\/td><td class=\"column-4\">LEKRIM HICHAM<\/td><td class=\"column-5\">DIRECTION DU TRAVAIL<\/td>\n<\/tr>\n<tr class=\"row-745\">\n\t<td class=\"column-1\"><\/td><td class=\"column-2\"><\/td><td class=\"column-3\"><strong>740<\/strong><\/td><td class=\"column-4\">LEMDARSAOUI NOUREDDINE<\/td><td class=\"column-5\">Direction Provinciale de l Emploi et des Aff. soc. \u00e0 la Prov. de Larache<\/td>\n<\/tr>\n<tr class=\"row-746\">\n\t<td class=\"column-1\"><\/td><td class=\"column-2\"><\/td><td class=\"column-3\"><strong>741<\/strong><\/td><td class=\"column-4\">LEMLIH CHERKI<\/td><td class=\"column-5\">DIRECTION DES RESSOURCES HUMAINES,BUDGET ET AFF GENERALES<\/td>\n<\/tr>\n<tr class=\"row-747\">\n\t<td class=\"column-1\"><\/td><td class=\"column-2\"><\/td><td class=\"column-3\"><strong>742<\/strong><\/td><td class=\"column-4\">LOBANI NADIA<\/td><td class=\"column-5\">Direction Provinciale de l Emploi et des Aff. soc. \u00e0 la Prov. d\u2019El Jadida<\/td>\n<\/tr>\n<tr class=\"row-748\">\n\t<td class=\"column-1\"><\/td><td class=\"column-2\"><\/td><td class=\"column-3\"><strong>743<\/strong><\/td><td class=\"column-4\">LOTFI HAYAT<\/td><td class=\"column-5\">Direction Provinciale de l Emploi et des Aff. soc. a la Prov. de Fkih Ben Saleh<\/td>\n<\/tr>\n<tr class=\"row-749\">\n\t<td class=\"column-1\"><\/td><td class=\"column-2\"><\/td><td class=\"column-3\"><strong>744<\/strong><\/td><td class=\"column-4\">LOTFI SOUAD<\/td><td class=\"column-5\">FKIH BEN SALEH<\/td>\n<\/tr>\n<tr class=\"row-750\">\n\t<td class=\"column-1\"><\/td><td class=\"column-2\"><\/td><td class=\"column-3\"><strong>745<\/strong><\/td><td class=\"column-4\">LOUARDI FATIMA -ZAHRAE<\/td><td class=\"column-5\">SECRETARIAT GENERAL<\/td>\n<\/tr>\n<tr class=\"row-751\">\n\t<td class=\"column-1\"><\/td><td class=\"column-2\"><\/td><td class=\"column-3\"><strong>746<\/strong><\/td><td class=\"column-4\">LOUBAIR SAID<\/td><td class=\"column-5\">Direction R\u00e9gionale de l Emploi et des Affaires Sociales Safi<\/td>\n<\/tr>\n<tr class=\"row-752\">\n\t<td class=\"column-1\"><\/td><td class=\"column-2\"><\/td><td class=\"column-3\"><strong>747<\/strong><\/td><td class=\"column-4\">LOUISSI TALIBA<\/td><td class=\"column-5\">Direction R\u00e9gionale de l Emploi et des Affaires Sociales Oujda<\/td>\n<\/tr>\n<tr class=\"row-753\">\n\t<td class=\"column-1\"><\/td><td class=\"column-2\"><\/td><td class=\"column-3\"><strong>748<\/strong><\/td><td class=\"column-4\">LOULLADI NEZHA<\/td><td class=\"column-5\">DIRECTION DES RESSOURCES HUMAINES,BUDGET ET AFF GENERALES<\/td>\n<\/tr>\n<tr class=\"row-754\">\n\t<td class=\"column-1\"><\/td><td class=\"column-2\"><\/td><td class=\"column-3\"><strong>749<\/strong><\/td><td class=\"column-4\">LOUSSI LAHOUCINE<\/td><td class=\"column-5\">Direction Provinciale de l Emploi et des Aff. soc. \u00e0 la Prov. de Tan-Tan<\/td>\n<\/tr>\n<tr class=\"row-755\">\n\t<td class=\"column-1\"><\/td><td class=\"column-2\"><\/td><td class=\"column-3\"><strong>750<\/strong><\/td><td class=\"column-4\">LRHORFI ILHAM<\/td><td class=\"column-5\">Direction de l\u2019Observatoire National du March\u00e9 du Travail<\/td>\n<\/tr>\n<tr class=\"row-756\">\n\t<td class=\"column-1\"><\/td><td class=\"column-2\"><\/td><td class=\"column-3\"><strong>751<\/strong><\/td><td class=\"column-4\">LYAZIDI FOUZIA<\/td><td class=\"column-5\">RABAT<\/td>\n<\/tr>\n<tr class=\"row-757\">\n\t<td class=\"column-1\"><\/td><td class=\"column-2\"><\/td><td class=\"column-3\"><strong>752<\/strong><\/td><td class=\"column-4\">M BARKI SOUAD<\/td><td class=\"column-5\">Direction Provinciale de l Emploi et des Affaires Sociales \u00e0 Dakhla<\/td>\n<\/tr>\n<tr class=\"row-758\">\n\t<td class=\"column-1\"><\/td><td class=\"column-2\"><\/td><td class=\"column-3\"><strong>753<\/strong><\/td><td class=\"column-4\">M KAMMACHE NADIA<\/td><td class=\"column-5\">Direction de la coop\u00e9ration internationale et du partenariat<\/td>\n<\/tr>\n<tr class=\"row-759\">\n\t<td class=\"column-1\"><\/td><td class=\"column-2\"><\/td><td class=\"column-3\"><strong>754<\/strong><\/td><td class=\"column-4\">M QARTA &#8220;INSSAF<\/td><td class=\"column-5\">DIRECTION DES RESSOURCES HUMAINES,BUDGET ET AFF GENERALES<\/td>\n<\/tr>\n<tr class=\"row-760\">\n\t<td class=\"column-1\"><\/td><td class=\"column-2\"><\/td><td class=\"column-3\"><strong>755<\/strong><\/td><td class=\"column-4\">MAANAOUI MOHAMMED<\/td><td class=\"column-5\">Direction Provinciale de l Emploi et des Aff. soc. \u00e0 la Prov. d\u2019El Jadida<\/td>\n<\/tr>\n<tr class=\"row-761\">\n\t<td class=\"column-1\"><\/td><td class=\"column-2\"><\/td><td class=\"column-3\"><strong>756<\/strong><\/td><td class=\"column-4\">MABROUK ABDESSAMAD<\/td><td class=\"column-5\">Direction Provinciale de l Emploi et des Aff. soc. \u00e0 la Prov. de Kenitra<\/td>\n<\/tr>\n<tr class=\"row-762\">\n\t<td class=\"column-1\"><\/td><td class=\"column-2\"><\/td><td class=\"column-3\"><strong>757<\/strong><\/td><td class=\"column-4\">MABROUKI HASSAN<\/td><td class=\"column-5\">Direction R\u00e9gionale de l\u2019emploi et des Affaires Sociales Agadir<\/td>\n<\/tr>\n<tr class=\"row-763\">\n\t<td class=\"column-1\"><\/td><td class=\"column-2\"><\/td><td class=\"column-3\"><strong>758<\/strong><\/td><td class=\"column-4\">MADANE AYOUB<\/td><td class=\"column-5\">Direction R\u00e9gionale de l Emploi et des Affaires Sociales Tanger<\/td>\n<\/tr>\n<tr class=\"row-764\">\n\t<td class=\"column-1\"><\/td><td class=\"column-2\"><\/td><td class=\"column-3\"><strong>759<\/strong><\/td><td class=\"column-4\">MADDAHI KHALID<\/td><td class=\"column-5\">Direction Provinciale de l Emploi et des Aff. Soc. \u00e0 la Pr\u00e9fect. de Mohammedia<\/td>\n<\/tr>\n<tr class=\"row-765\">\n\t<td class=\"column-1\"><\/td><td class=\"column-2\"><\/td><td class=\"column-3\"><strong>760<\/strong><\/td><td class=\"column-4\">MAHDAD MOHAMMED<\/td><td class=\"column-5\">Direction R\u00e9gionale de l Emploi et des Affaires Sociales Oujda<\/td>\n<\/tr>\n<tr class=\"row-766\">\n\t<td class=\"column-1\"><\/td><td class=\"column-2\"><\/td><td class=\"column-3\"><strong>761<\/strong><\/td><td class=\"column-4\">MAHIR RACHID<\/td><td class=\"column-5\">Direction Provinciale de l Emploi et des Aff. soc. \u00e0 la Prov. d\u2019El Jadida<\/td>\n<\/tr>\n<tr class=\"row-767\">\n\t<td class=\"column-1\"><\/td><td class=\"column-2\"><\/td><td class=\"column-3\"><strong>762<\/strong><\/td><td class=\"column-4\">MAHIR SARAH<\/td><td class=\"column-5\">Direction R\u00e9gionale de l\u2019Emploi et des Affaires Sociales de Casablanca-Anfa<\/td>\n<\/tr>\n<tr class=\"row-768\">\n\t<td class=\"column-1\"><\/td><td class=\"column-2\"><\/td><td class=\"column-3\"><strong>763<\/strong><\/td><td class=\"column-4\">MAHJOUBI ABDELHAKIM<\/td><td class=\"column-5\">Direction Provinciale de l Emploi et des Aff. soc. \u00e0 la Prov. d\u2019Ouarzazate<\/td>\n<\/tr>\n<tr class=\"row-769\">\n\t<td class=\"column-1\"><\/td><td class=\"column-2\"><\/td><td class=\"column-3\"><strong>764<\/strong><\/td><td class=\"column-4\">MAHMOUDI ADNANE<\/td><td class=\"column-5\">DIRECTION DES RESSOURCES HUMAINES,BUDGET ET AFF GENERALES<\/td>\n<\/tr>\n<tr class=\"row-770\">\n\t<td class=\"column-1\"><\/td><td class=\"column-2\"><\/td><td class=\"column-3\"><strong>765<\/strong><\/td><td class=\"column-4\">MAJHAD BAHIJA<\/td><td class=\"column-5\">Direction Provinciale de l Emploi et des Aff. soc. \u00e0 la Prov. d\u2019El Jadida<\/td>\n<\/tr>\n<tr class=\"row-771\">\n\t<td class=\"column-1\"><\/td><td class=\"column-2\"><\/td><td class=\"column-3\"><strong>766<\/strong><\/td><td class=\"column-4\">MAJIDI KAOUTAR<\/td><td class=\"column-5\">Direction Provinciale de l Emploi et des Aff. Soc. \u00e0 la Pr\u00e9fect. de Sal\u00e9<\/td>\n<\/tr>\n<tr class=\"row-772\">\n\t<td class=\"column-1\"><\/td><td class=\"column-2\"><\/td><td class=\"column-3\"><strong>767<\/strong><\/td><td class=\"column-4\">MALAH HASNAE<\/td><td class=\"column-5\">Direction R\u00e9gionale de l Emploi et des Affaires Sociales Laayoune<\/td>\n<\/tr>\n<tr class=\"row-773\">\n\t<td class=\"column-1\"><\/td><td class=\"column-2\"><\/td><td class=\"column-3\"><strong>768<\/strong><\/td><td class=\"column-4\">MALEH KARIMA<\/td><td class=\"column-5\">Direction Provinciale de l Emploi et des Aff. soc. a la Prov. de Kenitra<\/td>\n<\/tr>\n<tr class=\"row-774\">\n\t<td class=\"column-1\"><\/td><td class=\"column-2\"><\/td><td class=\"column-3\"><strong>769<\/strong><\/td><td class=\"column-4\">MALKI MY LAHBIB<\/td><td class=\"column-5\">Direction Prov. de l\u2019Emp. et des Aff. Soc. \u00e0 la Pr\u00e9fec. Arrond. Fida-MersSultan<\/td>\n<\/tr>\n<tr class=\"row-775\">\n\t<td class=\"column-1\"><\/td><td class=\"column-2\"><\/td><td class=\"column-3\"><strong>770<\/strong><\/td><td class=\"column-4\">MALKI RAJAA<\/td><td class=\"column-5\">Direction Prov. de l\u2019Emp. et des Aff. Soc. \u00e0 la Pr\u00e9fec. Arrond. Fida-MersSultan<\/td>\n<\/tr>\n<tr class=\"row-776\">\n\t<td class=\"column-1\"><\/td><td class=\"column-2\"><\/td><td class=\"column-3\"><strong>771<\/strong><\/td><td class=\"column-4\">MALLOUKI KARIM<\/td><td class=\"column-5\">Direction Provinciale de l Emploi et des Aff. soc. \u00e0 la Prov. de sidi Kacem<\/td>\n<\/tr>\n<tr class=\"row-777\">\n\t<td class=\"column-1\"><\/td><td class=\"column-2\"><\/td><td class=\"column-3\"><strong>772<\/strong><\/td><td class=\"column-4\">MANAR MOHAMMED<\/td><td class=\"column-5\">Direction Provinciale de l\u2019Emploi et des Aff. soc. \u00e0 la Prov. de B\u00e9ni-Mellal<\/td>\n<\/tr>\n<tr class=\"row-778\">\n\t<td class=\"column-1\"><\/td><td class=\"column-2\"><\/td><td class=\"column-3\"><strong>773<\/strong><\/td><td class=\"column-4\">MANSOURI AHMED<\/td><td class=\"column-5\">Direction Provinciale de l Emploi et des Aff. soc. \u00e0 la Prov. de Tan-Tan<\/td>\n<\/tr>\n<tr class=\"row-779\">\n\t<td class=\"column-1\"><\/td><td class=\"column-2\"><\/td><td class=\"column-3\"><strong>774<\/strong><\/td><td class=\"column-4\">MANSOURI CHRIFA<\/td><td class=\"column-5\">DIRECTION DES RESSOURCES HUMAINES,BUDGET ET AFF GENERALES<\/td>\n<\/tr>\n<tr class=\"row-780\">\n\t<td class=\"column-1\"><\/td><td class=\"column-2\"><\/td><td class=\"column-3\"><strong>775<\/strong><\/td><td class=\"column-4\">MANSOURI DRISS<\/td><td class=\"column-5\">DIRECTION DE LA PROTECTION\/S. DES TRAVAILLEURS<\/td>\n<\/tr>\n<tr class=\"row-781\">\n\t<td class=\"column-1\"><\/td><td class=\"column-2\"><\/td><td class=\"column-3\"><strong>776<\/strong><\/td><td class=\"column-4\">MANTAQ CHAOUB<\/td><td class=\"column-5\">Direction Prov. de l\u2019Emp. et des Aff. Soc. \u00e0 la Pr\u00e9fec. Arrond. SidiBernoussi<\/td>\n<\/tr>\n<tr class=\"row-782\">\n\t<td class=\"column-1\"><\/td><td class=\"column-2\"><\/td><td class=\"column-3\"><strong>777<\/strong><\/td><td class=\"column-4\">MARCHOUD SAID<\/td><td class=\"column-5\">Direction Prov. de l\u2019Emp. et des Aff. Soc. \u00e0 la Pr\u00e9fec. Arrond. de Ben M\u2019sik<\/td>\n<\/tr>\n<tr class=\"row-783\">\n\t<td class=\"column-1\"><\/td><td class=\"column-2\"><\/td><td class=\"column-3\"><strong>778<\/strong><\/td><td class=\"column-4\">MARMOUCHI ANASS<\/td><td class=\"column-5\">DIRECTION DES RESSOURCES HUMAINES,BUDGET ET AFF GENERALES<\/td>\n<\/tr>\n<tr class=\"row-784\">\n\t<td class=\"column-1\"><\/td><td class=\"column-2\"><\/td><td class=\"column-3\"><strong>779<\/strong><\/td><td class=\"column-4\">MATAGA KHADIJA<\/td><td class=\"column-5\">Direction Provinciale de l Emploi et des Aff. soc. \u00e0 la Prov. de Kenitra<\/td>\n<\/tr>\n<tr class=\"row-785\">\n\t<td class=\"column-1\"><\/td><td class=\"column-2\"><\/td><td class=\"column-3\"><strong>780<\/strong><\/td><td class=\"column-4\">MAYARA SLIMANE<\/td><td class=\"column-5\">Direction R\u00e9gionale de l\u2019emploi et des Affaires Sociales Laayoune<\/td>\n<\/tr>\n<tr class=\"row-786\">\n\t<td class=\"column-1\"><\/td><td class=\"column-2\"><\/td><td class=\"column-3\"><strong>781<\/strong><\/td><td class=\"column-4\">MAZAZ ABDERRAHIM<\/td><td class=\"column-5\">KHEMISSAT<\/td>\n<\/tr>\n<tr class=\"row-787\">\n\t<td class=\"column-1\"><\/td><td class=\"column-2\"><\/td><td class=\"column-3\"><strong>782<\/strong><\/td><td class=\"column-4\">MAZIL GHIZLANE<\/td><td class=\"column-5\">Direction R\u00e9gionale de l Emploi et des Affaires Sociales Agadir<\/td>\n<\/tr>\n<tr class=\"row-788\">\n\t<td class=\"column-1\"><\/td><td class=\"column-2\"><\/td><td class=\"column-3\"><strong>783<\/strong><\/td><td class=\"column-4\">MAZOUZI ABDEL-ILAH<\/td><td class=\"column-5\">DIRECTION DES RESSOURCES HUMAINES,BUDGET ET AFF GENERALES<\/td>\n<\/tr>\n<tr class=\"row-789\">\n\t<td class=\"column-1\"><\/td><td class=\"column-2\"><\/td><td class=\"column-3\"><strong>784<\/strong><\/td><td class=\"column-4\">MEGNOUN MINA<\/td><td class=\"column-5\">DIRECTION DE l Emploi<\/td>\n<\/tr>\n<tr class=\"row-790\">\n\t<td class=\"column-1\"><\/td><td class=\"column-2\"><\/td><td class=\"column-3\"><strong>785<\/strong><\/td><td class=\"column-4\">MEKROUZ ABDOLLAH<\/td><td class=\"column-5\">Direction R\u00e9gionale de l Emploi et des Affaires Sociales Agadir<\/td>\n<\/tr>\n<tr class=\"row-791\">\n\t<td class=\"column-1\"><\/td><td class=\"column-2\"><\/td><td class=\"column-3\"><strong>786<\/strong><\/td><td class=\"column-4\">MELIANI ABDELILAH<\/td><td class=\"column-5\">Direction Provinciale de l Emploi et des Aff. soc. \u00e0 la Prov. de Settat<\/td>\n<\/tr>\n<tr class=\"row-792\">\n\t<td class=\"column-1\"><\/td><td class=\"column-2\"><\/td><td class=\"column-3\"><strong>787<\/strong><\/td><td class=\"column-4\">MESBAH HICHAM<\/td><td class=\"column-5\">Direction Provinciale de l Emploi et des Aff. soc. \u00e0 la Prov. de Kenitra<\/td>\n<\/tr>\n<tr class=\"row-793\">\n\t<td class=\"column-1\"><\/td><td class=\"column-2\"><\/td><td class=\"column-3\"><strong>788<\/strong><\/td><td class=\"column-4\">MESKAOUI BOUCHRA<\/td><td class=\"column-5\">Direction R\u00e9gionale de l Emploi et des Affaires Sociales Rabat<\/td>\n<\/tr>\n<tr class=\"row-794\">\n\t<td class=\"column-1\"><\/td><td class=\"column-2\"><\/td><td class=\"column-3\"><strong>789<\/strong><\/td><td class=\"column-4\">MESSAOUDI HAKIMA<\/td><td class=\"column-5\">Direction Provinciale de l Emploi et des Aff. Soc. a la Prefect. de Sefrou<\/td>\n<\/tr>\n<tr class=\"row-795\">\n\t<td class=\"column-1\"><\/td><td class=\"column-2\"><\/td><td class=\"column-3\"><strong>790<\/strong><\/td><td class=\"column-4\">MESTARI ASMAE<\/td><td class=\"column-5\">Direction Provinciale de l Emploi et des Aff. Soc. \u00e0 la Pr\u00e9fect. de Mekn\u00e8s<\/td>\n<\/tr>\n<tr class=\"row-796\">\n\t<td class=\"column-1\"><\/td><td class=\"column-2\"><\/td><td class=\"column-3\"><strong>791<\/strong><\/td><td class=\"column-4\">MEZAOUAQ ABDELAZIZ<\/td><td class=\"column-5\">Direction Provinciale de l Emploi et des Aff. soc. \u00e0 la Prov. de Khouribga<\/td>\n<\/tr>\n<tr class=\"row-797\">\n\t<td class=\"column-1\"><\/td><td class=\"column-2\"><\/td><td class=\"column-3\"><strong>792<\/strong><\/td><td class=\"column-4\">MEZZAOUROU MINA<\/td><td class=\"column-5\">Direction Provinciale de l Emploi et des Aff. Soc. \u00e0 la Pr\u00e9fect. de Sefrou<\/td>\n<\/tr>\n<tr class=\"row-798\">\n\t<td class=\"column-1\"><\/td><td class=\"column-2\"><\/td><td class=\"column-3\"><strong>793<\/strong><\/td><td class=\"column-4\">M&#8217;HAIDIR HAJAR<\/td><td class=\"column-5\">Direction Provinciale de l\u2019Emploi et des Aff. Soc. \u00e0 la Pr\u00e9fect. SkhirateT\u00e9mara<\/td>\n<\/tr>\n<tr class=\"row-799\">\n\t<td class=\"column-1\"><\/td><td class=\"column-2\"><\/td><td class=\"column-3\"><strong>794<\/strong><\/td><td class=\"column-4\">MHAJBA FAOUZIA<\/td><td class=\"column-5\">DIRECTION DES RESSOURCES HUMAINES,BUDGET ET AFF GENERALES<\/td>\n<\/tr>\n<tr class=\"row-800\">\n\t<td class=\"column-1\"><\/td><td class=\"column-2\"><\/td><td class=\"column-3\"><strong>795<\/strong><\/td><td class=\"column-4\">MIMA REDOUANE<\/td><td class=\"column-5\">Direction Prov. de l\u2019Emp. et des Aff. Soc. \u00e0 la Pr\u00e9fec. Arrond. HayHassaAinChok<\/td>\n<\/tr>\n<tr class=\"row-801\">\n\t<td class=\"column-1\"><\/td><td class=\"column-2\"><\/td><td class=\"column-3\"><strong>796<\/strong><\/td><td class=\"column-4\">MNANOU SAMIAE<\/td><td class=\"column-5\">Direction Provinciale de l Emploi et des Aff. soc. \u00e0 la Prov. de T\u00e9touan<\/td>\n<\/tr>\n<tr class=\"row-802\">\n\t<td class=\"column-1\"><\/td><td class=\"column-2\"><\/td><td class=\"column-3\"><strong>797<\/strong><\/td><td class=\"column-4\">MNAOUER MOUHCINE<\/td><td class=\"column-5\">Direction Provinciale de l Emploi et des Aff. soc. \u00e0 la Prov. de Kenitra<\/td>\n<\/tr>\n<tr class=\"row-803\">\n\t<td class=\"column-1\"><\/td><td class=\"column-2\"><\/td><td class=\"column-3\"><strong>798<\/strong><\/td><td class=\"column-4\">MOATABAR FADOUA<\/td><td class=\"column-5\">Direction R\u00e9gionale de l Emploi et des Affaires Sociales Marrakech<\/td>\n<\/tr>\n<tr class=\"row-804\">\n\t<td class=\"column-1\"><\/td><td class=\"column-2\"><\/td><td class=\"column-3\"><strong>799<\/strong><\/td><td class=\"column-4\">MOHAMED ECH-CHAYEB<\/td><td class=\"column-5\">Direction Provinciale de l Emploi et des Aff. soc. \u00e0 la Prov. de Taza<\/td>\n<\/tr>\n<tr class=\"row-805\">\n\t<td class=\"column-1\"><\/td><td class=\"column-2\"><\/td><td class=\"column-3\"><strong>800<\/strong><\/td><td class=\"column-4\">MOHASSINE SAMIRA<\/td><td class=\"column-5\">INSPECTION GENERALE<\/td>\n<\/tr>\n<tr class=\"row-806\">\n\t<td class=\"column-1\"><\/td><td class=\"column-2\"><\/td><td class=\"column-3\"><strong>801<\/strong><\/td><td class=\"column-4\">MOKHTARI AHMED<\/td><td class=\"column-5\">Direction R\u00e9gionale de l Emploi et des Affaires Sociales Laayoune<\/td>\n<\/tr>\n<tr class=\"row-807\">\n\t<td class=\"column-1\"><\/td><td class=\"column-2\"><\/td><td class=\"column-3\"><strong>802<\/strong><\/td><td class=\"column-4\">MONASSIF YOUSSEF<\/td><td class=\"column-5\">Direction R\u00e9gionale de l\u2019Emploi et des Affaires Sociales de Casablanca-Anfa<\/td>\n<\/tr>\n<tr class=\"row-808\">\n\t<td class=\"column-1\"><\/td><td class=\"column-2\"><\/td><td class=\"column-3\"><strong>803<\/strong><\/td><td class=\"column-4\">MONSIF HAJAR<\/td><td class=\"column-5\">Direction de l\u2019Observatoire National du March\u00e9 du Travail<\/td>\n<\/tr>\n<tr class=\"row-809\">\n\t<td class=\"column-1\"><\/td><td class=\"column-2\"><\/td><td class=\"column-3\"><strong>804<\/strong><\/td><td class=\"column-4\">MORAZAK YOUSSEF<\/td><td class=\"column-5\">Direction R\u00e9gionale de l\u2019Emploi et des Affaires Sociales Rabat<\/td>\n<\/tr>\n<tr class=\"row-810\">\n\t<td class=\"column-1\"><\/td><td class=\"column-2\"><\/td><td class=\"column-3\"><strong>805<\/strong><\/td><td class=\"column-4\">MOUADDEN YOUSSEF<\/td><td class=\"column-5\">DIRECTION DE l Emploi<\/td>\n<\/tr>\n<tr class=\"row-811\">\n\t<td class=\"column-1\"><\/td><td class=\"column-2\"><\/td><td class=\"column-3\"><strong>806<\/strong><\/td><td class=\"column-4\">MOUALDA NOURA<\/td><td class=\"column-5\">Direction Provinciale de l Emploi et des Aff. soc. \u00e0 la Prov. de sidi Slimane<\/td>\n<\/tr>\n<tr class=\"row-812\">\n\t<td class=\"column-1\"><\/td><td class=\"column-2\"><\/td><td class=\"column-3\"><strong>807<\/strong><\/td><td class=\"column-4\">MOUATAMID HAYAT<\/td><td class=\"column-5\">Direction R\u00e9gionale de l Emploi et des Affaires Sociales Agadir<\/td>\n<\/tr>\n<tr class=\"row-813\">\n\t<td class=\"column-1\"><\/td><td class=\"column-2\"><\/td><td class=\"column-3\"><strong>808<\/strong><\/td><td class=\"column-4\">MOUCHTACH SANAE<\/td><td class=\"column-5\">DIRECTION DE l Emploi<\/td>\n<\/tr>\n<tr class=\"row-814\">\n\t<td class=\"column-1\"><\/td><td class=\"column-2\"><\/td><td class=\"column-3\"><strong>809<\/strong><\/td><td class=\"column-4\">MOUCHTAQ KAOUTAR<\/td><td class=\"column-5\">Direction R\u00e9gionale de l Emploi et des Affaires Sociales de Casablanca-Anfa<\/td>\n<\/tr>\n<tr class=\"row-815\">\n\t<td class=\"column-1\"><\/td><td class=\"column-2\"><\/td><td class=\"column-3\"><strong>810<\/strong><\/td><td class=\"column-4\">MOUDIAN NADIA<\/td><td class=\"column-5\">Direction Provinciale de l Emploi et des Aff. soc. \u00e0 la Prov. d\u2019El Hoceima<\/td>\n<\/tr>\n<tr class=\"row-816\">\n\t<td class=\"column-1\"><\/td><td class=\"column-2\"><\/td><td class=\"column-3\"><strong>811<\/strong><\/td><td class=\"column-4\">MOUHIM HASSANE<\/td><td class=\"column-5\">Direction Provinciale de l Emploi et des Aff. soc. \u00e0 la Prov. de Khemisset<\/td>\n<\/tr>\n<tr class=\"row-817\">\n\t<td class=\"column-1\"><\/td><td class=\"column-2\"><\/td><td class=\"column-3\"><strong>812<\/strong><\/td><td class=\"column-4\">MOUHLIK JAMAL<\/td><td class=\"column-5\">DIRECTION DES RESSOURCES HUMAINES,BUDGET ET AFF GENERALES<\/td>\n<\/tr>\n<tr class=\"row-818\">\n\t<td class=\"column-1\"><\/td><td class=\"column-2\"><\/td><td class=\"column-3\"><strong>813<\/strong><\/td><td class=\"column-4\">MOUJJAN MOHAMED<\/td><td class=\"column-5\">Direction Prov. de l\u2019Emp. et des Aff. Soc. \u00e0 la Pr\u00e9fec. Arrond. AinSebaHayMoham<\/td>\n<\/tr>\n<tr class=\"row-819\">\n\t<td class=\"column-1\"><\/td><td class=\"column-2\"><\/td><td class=\"column-3\"><strong>814<\/strong><\/td><td class=\"column-4\">MOUKADEM KAMAR<\/td><td class=\"column-5\">Direction R\u00e9gionale de l\u2019emploi et des Affaires Sociales Tanger<\/td>\n<\/tr>\n<tr class=\"row-820\">\n\t<td class=\"column-1\"><\/td><td class=\"column-2\"><\/td><td class=\"column-3\"><strong>815<\/strong><\/td><td class=\"column-4\">MOULAT ABDELLATIF<\/td><td class=\"column-5\">Direction R\u00e9gionale de l\u2019Emploi et des Affaires Sociales Rabat<\/td>\n<\/tr>\n<tr class=\"row-821\">\n\t<td class=\"column-1\"><\/td><td class=\"column-2\"><\/td><td class=\"column-3\"><strong>816<\/strong><\/td><td class=\"column-4\">MOUMAH HAMID<\/td><td class=\"column-5\">Direction R\u00e9gionale de l Emploi et des Affaires Sociales Agadir<\/td>\n<\/tr>\n<tr class=\"row-822\">\n\t<td class=\"column-1\"><\/td><td class=\"column-2\"><\/td><td class=\"column-3\"><strong>817<\/strong><\/td><td class=\"column-4\">MOUNAOUAR KHADIJA<\/td><td class=\"column-5\">DIRECTION DU TRAVAIL<\/td>\n<\/tr>\n<tr class=\"row-823\">\n\t<td class=\"column-1\"><\/td><td class=\"column-2\"><\/td><td class=\"column-3\"><strong>818<\/strong><\/td><td class=\"column-4\">MOUNCIF NAJLAE<\/td><td class=\"column-5\">Direction Provinciale de l Emploi et des Aff. Soc. \u00e0 la Pr\u00e9fect. de Sefrou<\/td>\n<\/tr>\n<tr class=\"row-824\">\n\t<td class=\"column-1\"><\/td><td class=\"column-2\"><\/td><td class=\"column-3\"><strong>819<\/strong><\/td><td class=\"column-4\">MOUNJID EP.KANDY RACHIDA<\/td><td class=\"column-5\">Direction R\u00e9gionale de l Emploi et des Affaires Sociales de Casablanca-Anfa<\/td>\n<\/tr>\n<tr class=\"row-825\">\n\t<td class=\"column-1\"><\/td><td class=\"column-2\"><\/td><td class=\"column-3\"><strong>820<\/strong><\/td><td class=\"column-4\">MOURID SAADIA<\/td><td class=\"column-5\">Direction R\u00e9gionale de l Emploi et des Affaires Sociales Rabat<\/td>\n<\/tr>\n<tr class=\"row-826\">\n\t<td class=\"column-1\"><\/td><td class=\"column-2\"><\/td><td class=\"column-3\"><strong>821<\/strong><\/td><td class=\"column-4\">MOUSSADDAK KAWTAR<\/td><td class=\"column-5\">Direction R\u00e9gionale de l\u2019Emploi et des Affaires Sociales de Casablanca-Anfa<\/td>\n<\/tr>\n<tr class=\"row-827\">\n\t<td class=\"column-1\"><\/td><td class=\"column-2\"><\/td><td class=\"column-3\"><strong>822<\/strong><\/td><td class=\"column-4\">MOUSSADDAQ YOUSSEF<\/td><td class=\"column-5\">Direction R\u00e9gionale de l Emploi et des Affaires Sociales F\u00e8s<\/td>\n<\/tr>\n<tr class=\"row-828\">\n\t<td class=\"column-1\"><\/td><td class=\"column-2\"><\/td><td class=\"column-3\"><strong>823<\/strong><\/td><td class=\"column-4\">MOUSSAIDI NASRIA<\/td><td class=\"column-5\">Direction Regionale de l emploi et des Affaires Sociales Fes<\/td>\n<\/tr>\n<tr class=\"row-829\">\n\t<td class=\"column-1\"><\/td><td class=\"column-2\"><\/td><td class=\"column-3\"><strong>824<\/strong><\/td><td class=\"column-4\">MOUTCHOU MOUNIA<\/td><td class=\"column-5\">Direction Provinciale de l Emploi et des Aff. soc. \u00e0 la Prov. d\u2019El Jadida<\/td>\n<\/tr>\n<tr class=\"row-830\">\n\t<td class=\"column-1\"><\/td><td class=\"column-2\"><\/td><td class=\"column-3\"><strong>825<\/strong><\/td><td class=\"column-4\">MOUTEI HANANE<\/td><td class=\"column-5\">DIRECTION DU TRAVAIL<\/td>\n<\/tr>\n<tr class=\"row-831\">\n\t<td class=\"column-1\"><\/td><td class=\"column-2\"><\/td><td class=\"column-3\"><strong>826<\/strong><\/td><td class=\"column-4\">M&#8217;RABTI ABDELMOGHIT<\/td><td class=\"column-5\">Direction Provinciale de l Emploi et des Aff. soc. \u00e0 la Prov. d\u2019Ifrane<\/td>\n<\/tr>\n<tr class=\"row-832\">\n\t<td class=\"column-1\"><\/td><td class=\"column-2\"><\/td><td class=\"column-3\"><strong>827<\/strong><\/td><td class=\"column-4\">MRINI ILHAM<\/td><td class=\"column-5\">DIRECTION DE l Emploi<\/td>\n<\/tr>\n<tr class=\"row-833\">\n\t<td class=\"column-1\"><\/td><td class=\"column-2\"><\/td><td class=\"column-3\"><strong>828<\/strong><\/td><td class=\"column-4\">MSILLANE FATIMA<\/td><td class=\"column-5\">DIRECTION DU TRAVAIL<\/td>\n<\/tr>\n<tr class=\"row-834\">\n\t<td class=\"column-1\"><\/td><td class=\"column-2\"><\/td><td class=\"column-3\"><strong>829<\/strong><\/td><td class=\"column-4\">N KHILI ABDELLAH<\/td><td class=\"column-5\">KENITRA<\/td>\n<\/tr>\n<tr class=\"row-835\">\n\t<td class=\"column-1\"><\/td><td class=\"column-2\"><\/td><td class=\"column-3\"><strong>830<\/strong><\/td><td class=\"column-4\">NAAMANI EL-LOUD<\/td><td class=\"column-5\">Direction Provinciale de l Emploi et des Aff. soc. \u00e0 la Prov. de Tan-Tan<\/td>\n<\/tr>\n<tr class=\"row-836\">\n\t<td class=\"column-1\"><\/td><td class=\"column-2\"><\/td><td class=\"column-3\"><strong>831<\/strong><\/td><td class=\"column-4\">NAANAA AYOUB<\/td><td class=\"column-5\">Direction Provinciale de l Emploi et des Aff. soc. \u00e0 la Prov. de Settat<\/td>\n<\/tr>\n<tr class=\"row-837\">\n\t<td class=\"column-1\"><\/td><td class=\"column-2\"><\/td><td class=\"column-3\"><strong>832<\/strong><\/td><td class=\"column-4\">NABOUGH MINA<\/td><td class=\"column-5\">Direction Provinciale de l Emploi et des Aff. Soc. \u00e0 la Pr\u00e9fect. SkhirateT\u00e9mara<\/td>\n<\/tr>\n<tr class=\"row-838\">\n\t<td class=\"column-1\"><\/td><td class=\"column-2\"><\/td><td class=\"column-3\"><strong>833<\/strong><\/td><td class=\"column-4\">NABOUGH TOURIA<\/td><td class=\"column-5\">DIRECTION DU TRAVAIL<\/td>\n<\/tr>\n<tr class=\"row-839\">\n\t<td class=\"column-1\"><\/td><td class=\"column-2\"><\/td><td class=\"column-3\"><strong>834<\/strong><\/td><td class=\"column-4\">NACIRI FARAH<\/td><td class=\"column-5\">DIRECTION DU TRAVAIL<\/td>\n<\/tr>\n<tr class=\"row-840\">\n\t<td class=\"column-1\"><\/td><td class=\"column-2\"><\/td><td class=\"column-3\"><strong>835<\/strong><\/td><td class=\"column-4\">NACIRI MAHJOUBA<\/td><td class=\"column-5\">RABAT<\/td>\n<\/tr>\n<tr class=\"row-841\">\n\t<td class=\"column-1\"><\/td><td class=\"column-2\"><\/td><td class=\"column-3\"><strong>836<\/strong><\/td><td class=\"column-4\">NADIA EL YAFIAI<\/td><td class=\"column-5\">Direction Provinciale de l Emploi et des Aff. Soc. \u00e0 la Pr\u00e9fect. de Mekn\u00e8s<\/td>\n<\/tr>\n<tr class=\"row-842\">\n\t<td class=\"column-1\"><\/td><td class=\"column-2\"><\/td><td class=\"column-3\"><strong>837<\/strong><\/td><td class=\"column-4\">NAFIA ZAKARIA<\/td><td class=\"column-5\">DIRECTION DU TRAVAIL<\/td>\n<\/tr>\n<tr class=\"row-843\">\n\t<td class=\"column-1\"><\/td><td class=\"column-2\"><\/td><td class=\"column-3\"><strong>838<\/strong><\/td><td class=\"column-4\">NAIMOUNI SAIDA<\/td><td class=\"column-5\">Direction R\u00e9gionale de l\u2019emploi et des Affaires Sociales Marrakech<\/td>\n<\/tr>\n<tr class=\"row-844\">\n\t<td class=\"column-1\"><\/td><td class=\"column-2\"><\/td><td class=\"column-3\"><strong>839<\/strong><\/td><td class=\"column-4\">NAJI EL IDRISSI RABIA<\/td><td class=\"column-5\">Direction de l Observatoire National du Marche du Travail<\/td>\n<\/tr>\n<tr class=\"row-845\">\n\t<td class=\"column-1\"><\/td><td class=\"column-2\"><\/td><td class=\"column-3\"><strong>840<\/strong><\/td><td class=\"column-4\">NAJI FATIMA-ZOHRA<\/td><td class=\"column-5\">Direction Provinciale de l Emploi et des Aff. Soc. \u00e0 la Pr\u00e9fect. de Mekn\u00e8s<\/td>\n<\/tr>\n<tr class=\"row-846\">\n\t<td class=\"column-1\"><\/td><td class=\"column-2\"><\/td><td class=\"column-3\"><strong>841<\/strong><\/td><td class=\"column-4\">NAKKACH ABDELKARIM<\/td><td class=\"column-5\">Direction Provinciale de l Emploi et des Aff. Soc. \u00e0 la Pr\u00e9fect. de Sefrou<\/td>\n<\/tr>\n<tr class=\"row-847\">\n\t<td class=\"column-1\"><\/td><td class=\"column-2\"><\/td><td class=\"column-3\"><strong>842<\/strong><\/td><td class=\"column-4\">NAMRANE FATIMA-ZOHRA<\/td><td class=\"column-5\">DIRECTION DES RESSOURCES HUMAINES,BUDGET ET AFF GENERALES<\/td>\n<\/tr>\n<tr class=\"row-848\">\n\t<td class=\"column-1\"><\/td><td class=\"column-2\"><\/td><td class=\"column-3\"><strong>843<\/strong><\/td><td class=\"column-4\">NAMRAOUI MUSTAPHA<\/td><td class=\"column-5\">Direction Provinciale de l\u2019Emploi et des Aff. soc. \u00e0 la Prov. de Khouribga<\/td>\n<\/tr>\n<tr class=\"row-849\">\n\t<td class=\"column-1\"><\/td><td class=\"column-2\"><\/td><td class=\"column-3\"><strong>844<\/strong><\/td><td class=\"column-4\">NAOU AMINA<\/td><td class=\"column-5\">Direction Provinciale de l Emploi et des Aff. soc. a la Prov. de Kenitra<\/td>\n<\/tr>\n<tr class=\"row-850\">\n\t<td class=\"column-1\"><\/td><td class=\"column-2\"><\/td><td class=\"column-3\"><strong>845<\/strong><\/td><td class=\"column-4\">NAOUA MOHAMED ABDERRAHMAN<\/td><td class=\"column-5\">Direction Provinciale de l\u2019Emploi et des Aff. soc. \u00e0 la Prov. de Tan-Tan<\/td>\n<\/tr>\n<tr class=\"row-851\">\n\t<td class=\"column-1\"><\/td><td class=\"column-2\"><\/td><td class=\"column-3\"><strong>846<\/strong><\/td><td class=\"column-4\">NASSIRI NOUAL<\/td><td class=\"column-5\">DIRECTION DU TRAVAIL<\/td>\n<\/tr>\n<tr class=\"row-852\">\n\t<td class=\"column-1\"><\/td><td class=\"column-2\"><\/td><td class=\"column-3\"><strong>847<\/strong><\/td><td class=\"column-4\">NAZIH MARIA<\/td><td class=\"column-5\">DIRECTION DU TRAVAIL<\/td>\n<\/tr>\n<tr class=\"row-853\">\n\t<td class=\"column-1\"><\/td><td class=\"column-2\"><\/td><td class=\"column-3\"><strong>848<\/strong><\/td><td class=\"column-4\">NAZR NADIA<\/td><td class=\"column-5\">Direction Provinciale de l Emploi et des Aff. soc. \u00e0 la Prov. de Kenitra<\/td>\n<\/tr>\n<tr class=\"row-854\">\n\t<td class=\"column-1\"><\/td><td class=\"column-2\"><\/td><td class=\"column-3\"><strong>849<\/strong><\/td><td class=\"column-4\">NDOUR MOHAMED ALI<\/td><td class=\"column-5\">Direction R\u00e9gionale de l Emploi et des Affaires Sociales Laayoune<\/td>\n<\/tr>\n<tr class=\"row-855\">\n\t<td class=\"column-1\"><\/td><td class=\"column-2\"><\/td><td class=\"column-3\"><strong>850<\/strong><\/td><td class=\"column-4\">NEEMAN MARYAM<\/td><td class=\"column-5\">Direction Provinciale de l Emploi et des Aff. soc. \u00e0 la Prov. de Tan-Tan<\/td>\n<\/tr>\n<tr class=\"row-856\">\n\t<td class=\"column-1\"><\/td><td class=\"column-2\"><\/td><td class=\"column-3\"><strong>851<\/strong><\/td><td class=\"column-4\">NEFYA SALEK<\/td><td class=\"column-5\">Direction R\u00e9gionale de l Emploi et des Affaires Sociales Laayoune<\/td>\n<\/tr>\n<tr class=\"row-857\">\n\t<td class=\"column-1\"><\/td><td class=\"column-2\"><\/td><td class=\"column-3\"><strong>852<\/strong><\/td><td class=\"column-4\">NEJJARI M HAMMED<\/td><td class=\"column-5\">DIRECTION DE l Emploi<\/td>\n<\/tr>\n<tr class=\"row-858\">\n\t<td class=\"column-1\"><\/td><td class=\"column-2\"><\/td><td class=\"column-3\"><strong>853<\/strong><\/td><td class=\"column-4\">NOUAMANI SAID<\/td><td class=\"column-5\">DIRECTION DE L EMPLOI<\/td>\n<\/tr>\n<tr class=\"row-859\">\n\t<td class=\"column-1\"><\/td><td class=\"column-2\"><\/td><td class=\"column-3\"><strong>854<\/strong><\/td><td class=\"column-4\">NOUHI HAMID<\/td><td class=\"column-5\">Direction Provinciale de l Emploi et des Aff. soc. \u00e0 la Prov. de Tiznit<\/td>\n<\/tr>\n<tr class=\"row-860\">\n\t<td class=\"column-1\"><\/td><td class=\"column-2\"><\/td><td class=\"column-3\"><strong>855<\/strong><\/td><td class=\"column-4\">NOUR ADIL<\/td><td class=\"column-5\">DIRECTION DES RESSOURCES HUMAINES,BUDGET ET AFF GENERALES<\/td>\n<\/tr>\n<tr class=\"row-861\">\n\t<td class=\"column-1\"><\/td><td class=\"column-2\"><\/td><td class=\"column-3\"><strong>856<\/strong><\/td><td class=\"column-4\">NTATA ABDELHADI<\/td><td class=\"column-5\">Direction Provinciale de l Emploi et des Aff. soc. \u00e0 la Prov. d\u2019Errachidia<\/td>\n<\/tr>\n<tr class=\"row-862\">\n\t<td class=\"column-1\"><\/td><td class=\"column-2\"><\/td><td class=\"column-3\"><strong>857<\/strong><\/td><td class=\"column-4\">OCHMANE MOHAMED<\/td><td class=\"column-5\">Direction Provinciale de l Emploi et des Aff. soc. \u00e0 la Prov. d\u2019Errachidia<\/td>\n<\/tr>\n<tr class=\"row-863\">\n\t<td class=\"column-1\"><\/td><td class=\"column-2\"><\/td><td class=\"column-3\"><strong>858<\/strong><\/td><td class=\"column-4\">OMARI SAID<\/td><td class=\"column-5\">Direction Provinciale de l Emploi et des Aff. soc. \u00e0 la Prov. d\u2019EL KelaaSraghna<\/td>\n<\/tr>\n<tr class=\"row-864\">\n\t<td class=\"column-1\"><\/td><td class=\"column-2\"><\/td><td class=\"column-3\"><strong>859<\/strong><\/td><td class=\"column-4\">OMRI MOHAMMED<\/td><td class=\"column-5\">DIRECTION DES RESSOURCES HUMAINES,BUDGET ET AFF GENERALES<\/td>\n<\/tr>\n<tr class=\"row-865\">\n\t<td class=\"column-1\"><\/td><td class=\"column-2\"><\/td><td class=\"column-3\"><strong>860<\/strong><\/td><td class=\"column-4\">OUAALALOU ANAS<\/td><td class=\"column-5\">DIRECTION DES RESSOURCES HUMAINES,BUDGET ET AFF GENERALES<\/td>\n<\/tr>\n<tr class=\"row-866\">\n\t<td class=\"column-1\"><\/td><td class=\"column-2\"><\/td><td class=\"column-3\"><strong>861<\/strong><\/td><td class=\"column-4\">OUADIAY YOUSSEF<\/td><td class=\"column-5\">Direction de l\u2019Observatoire National du March\u00e9 du Travail<\/td>\n<\/tr>\n<tr class=\"row-867\">\n\t<td class=\"column-1\"><\/td><td class=\"column-2\"><\/td><td class=\"column-3\"><strong>862<\/strong><\/td><td class=\"column-4\">OUADIF KHADIJA<\/td><td class=\"column-5\">Direction Regionale de l emploi et des Affaires Sociales Fes<\/td>\n<\/tr>\n<tr class=\"row-868\">\n\t<td class=\"column-1\"><\/td><td class=\"column-2\"><\/td><td class=\"column-3\"><strong>863<\/strong><\/td><td class=\"column-4\">OUAFI YASSINE<\/td><td class=\"column-5\">Direction R\u00e9gionale de l Emploi et des Affaires Sociales Agadir<\/td>\n<\/tr>\n<tr class=\"row-869\">\n\t<td class=\"column-1\"><\/td><td class=\"column-2\"><\/td><td class=\"column-3\"><strong>864<\/strong><\/td><td class=\"column-4\">OUAHI OUMAIMA<\/td><td class=\"column-5\">DIRECTION DE l Emploi<\/td>\n<\/tr>\n<tr class=\"row-870\">\n\t<td class=\"column-1\"><\/td><td class=\"column-2\"><\/td><td class=\"column-3\"><strong>865<\/strong><\/td><td class=\"column-4\">OUAHID SANAA<\/td><td class=\"column-5\">DIRECTION DES RESSOURCES HUMAINES,BUDGET ET AFF GENERALES<\/td>\n<\/tr>\n<tr class=\"row-871\">\n\t<td class=\"column-1\"><\/td><td class=\"column-2\"><\/td><td class=\"column-3\"><strong>866<\/strong><\/td><td class=\"column-4\">OUAJAIDAN IBRAHIM<\/td><td class=\"column-5\">Direction Provinciale de l\u2019Emploi et des Aff. Soc. \u00e0 la Pr\u00e9fect. de Mohammedia<\/td>\n<\/tr>\n<tr class=\"row-872\">\n\t<td class=\"column-1\"><\/td><td class=\"column-2\"><\/td><td class=\"column-3\"><strong>867<\/strong><\/td><td class=\"column-4\">OUAJID ABDELKEBIR<\/td><td class=\"column-5\">CASABLANCA<\/td>\n<\/tr>\n<tr class=\"row-873\">\n\t<td class=\"column-1\"><\/td><td class=\"column-2\"><\/td><td class=\"column-3\"><strong>868<\/strong><\/td><td class=\"column-4\">OUAJIH MARIEM<\/td><td class=\"column-5\">Direction Provinciale de l Emploi et des Aff. Soc. \u00e0 la Pr\u00e9fect. de Sal\u00e9<\/td>\n<\/tr>\n<tr class=\"row-874\">\n\t<td class=\"column-1\"><\/td><td class=\"column-2\"><\/td><td class=\"column-3\"><strong>869<\/strong><\/td><td class=\"column-4\">OUAKRIM MOHAMED<\/td><td class=\"column-5\">Direction R\u00e9gionale de l\u2019emploi et des Affaires Sociales Agadir<\/td>\n<\/tr>\n<tr class=\"row-875\">\n\t<td class=\"column-1\"><\/td><td class=\"column-2\"><\/td><td class=\"column-3\"><strong>870<\/strong><\/td><td class=\"column-4\">OUALIKOUCH KAWTAR<\/td><td class=\"column-5\">Direction de la coop\u00e9ration internationale et du partenariat<\/td>\n<\/tr>\n<tr class=\"row-876\">\n\t<td class=\"column-1\"><\/td><td class=\"column-2\"><\/td><td class=\"column-3\"><strong>871<\/strong><\/td><td class=\"column-4\">OUARDANI MERYEM<\/td><td class=\"column-5\">Direction Provinciale de l Emploi et des Aff. soc. \u00e0 la Prov. de B\u00e9ni-Mellal<\/td>\n<\/tr>\n<tr class=\"row-877\">\n\t<td class=\"column-1\"><\/td><td class=\"column-2\"><\/td><td class=\"column-3\"><strong>872<\/strong><\/td><td class=\"column-4\">OUARDANI RACHIDA<\/td><td class=\"column-5\">Direction Provinciale de l Emploi et des Aff. soc. \u00e0 la Prov. de Fkih Ben Saleh<\/td>\n<\/tr>\n<tr class=\"row-878\">\n\t<td class=\"column-1\"><\/td><td class=\"column-2\"><\/td><td class=\"column-3\"><strong>873<\/strong><\/td><td class=\"column-4\">OUARDI DRISS<\/td><td class=\"column-5\">DIRECTION DES RESSOURCES HUMAINES,BUDGET ET AFF GENERALES<\/td>\n<\/tr>\n<tr class=\"row-879\">\n\t<td class=\"column-1\"><\/td><td class=\"column-2\"><\/td><td class=\"column-3\"><strong>874<\/strong><\/td><td class=\"column-4\">OUAZANI MOHAMMED<\/td><td class=\"column-5\">Direction R\u00e9gionale de l Emploi et des Affaires Sociales Tanger<\/td>\n<\/tr>\n<tr class=\"row-880\">\n\t<td class=\"column-1\"><\/td><td class=\"column-2\"><\/td><td class=\"column-3\"><strong>875<\/strong><\/td><td class=\"column-4\">OUAZZANI TAIBI TAIB<\/td><td class=\"column-5\">DIRECTION DU TRAVAIL<\/td>\n<\/tr>\n<tr class=\"row-881\">\n\t<td class=\"column-1\"><\/td><td class=\"column-2\"><\/td><td class=\"column-3\"><strong>876<\/strong><\/td><td class=\"column-4\">OUCHIB OMAR<\/td><td class=\"column-5\">DIRECTION DES RESSOURCES HUMAINES,BUDGET ET AFF GENERALES<\/td>\n<\/tr>\n<tr class=\"row-882\">\n\t<td class=\"column-1\"><\/td><td class=\"column-2\"><\/td><td class=\"column-3\"><strong>877<\/strong><\/td><td class=\"column-4\">OUELHAKEM NAIMA<\/td><td class=\"column-5\">Direction R\u00e9gionale de l\u2019Emploi et des Affaires Sociales Rabat<\/td>\n<\/tr>\n<tr class=\"row-883\">\n\t<td class=\"column-1\"><\/td><td class=\"column-2\"><\/td><td class=\"column-3\"><strong>878<\/strong><\/td><td class=\"column-4\">OUHAMOU MINA<\/td><td class=\"column-5\">Direction Prov. de l\u2019Emp. et des Aff. Soc. \u00e0 la Pr\u00e9fec. Arrond. de Ben M\u2019sik<\/td>\n<\/tr>\n<tr class=\"row-884\">\n\t<td class=\"column-1\"><\/td><td class=\"column-2\"><\/td><td class=\"column-3\"><strong>879<\/strong><\/td><td class=\"column-4\">OUHBOUR BRAHIM<\/td><td class=\"column-5\">Direction Provinciale de l Emploi et des Aff. soc. \u00e0 la Prov. de Settat<\/td>\n<\/tr>\n<tr class=\"row-885\">\n\t<td class=\"column-1\"><\/td><td class=\"column-2\"><\/td><td class=\"column-3\"><strong>880<\/strong><\/td><td class=\"column-4\">OUIKE ZAHRA<\/td><td class=\"column-5\">DIRECTION DES RESSOURCES HUMAINES,BUDGET ET AFF GENERALES<\/td>\n<\/tr>\n<tr class=\"row-886\">\n\t<td class=\"column-1\"><\/td><td class=\"column-2\"><\/td><td class=\"column-3\"><strong>881<\/strong><\/td><td class=\"column-4\">OULBIKCH BOUAZZA<\/td><td class=\"column-5\">BENI MELLAL<\/td>\n<\/tr>\n<tr class=\"row-887\">\n\t<td class=\"column-1\"><\/td><td class=\"column-2\"><\/td><td class=\"column-3\"><strong>882<\/strong><\/td><td class=\"column-4\">OULED BOUYAHYA ALI<\/td><td class=\"column-5\">Direction R\u00e9gionale de l Emploi et des Affaires Sociales Marrakech<\/td>\n<\/tr>\n<tr class=\"row-888\">\n\t<td class=\"column-1\"><\/td><td class=\"column-2\"><\/td><td class=\"column-3\"><strong>883<\/strong><\/td><td class=\"column-4\">OULIOU ABDELALI<\/td><td class=\"column-5\">Direction R\u00e9gionale de l Emploi et des Affaires Sociales Oujda<\/td>\n<\/tr>\n<tr class=\"row-889\">\n\t<td class=\"column-1\"><\/td><td class=\"column-2\"><\/td><td class=\"column-3\"><strong>884<\/strong><\/td><td class=\"column-4\">OULMAATI RANYA<\/td><td class=\"column-5\">DIRECTION DE l Emploi<\/td>\n<\/tr>\n<tr class=\"row-890\">\n\t<td class=\"column-1\"><\/td><td class=\"column-2\"><\/td><td class=\"column-3\"><strong>885<\/strong><\/td><td class=\"column-4\">OUMANSOUR RACHID<\/td><td class=\"column-5\">Direction R\u00e9gionale de l Emploi et des Affaires Sociales Marrakech<\/td>\n<\/tr>\n<tr class=\"row-891\">\n\t<td class=\"column-1\"><\/td><td class=\"column-2\"><\/td><td class=\"column-3\"><strong>886<\/strong><\/td><td class=\"column-4\">OUSTI MOHAMED<\/td><td class=\"column-5\">DIRECTION DES RESSOURCES HUMAINES,BUDGET ET AFF GENERALES<\/td>\n<\/tr>\n<tr class=\"row-892\">\n\t<td class=\"column-1\"><\/td><td class=\"column-2\"><\/td><td class=\"column-3\"><strong>887<\/strong><\/td><td class=\"column-4\">QACHAOU LHOUSSAINE<\/td><td class=\"column-5\">Direction de l\u2019Observatoire National du March\u00e9 du Travail<\/td>\n<\/tr>\n<tr class=\"row-893\">\n\t<td class=\"column-1\"><\/td><td class=\"column-2\"><\/td><td class=\"column-3\"><strong>888<\/strong><\/td><td class=\"column-4\">QARFADI YOUNES<\/td><td class=\"column-5\">Direction Provinciale de l Emploi et des Aff. soc. \u00e0 la Prov. de sidi Slimane<\/td>\n<\/tr>\n<tr class=\"row-894\">\n\t<td class=\"column-1\"><\/td><td class=\"column-2\"><\/td><td class=\"column-3\"><strong>889<\/strong><\/td><td class=\"column-4\">QARTOUBI FATIMA EZ-ZOHRA<\/td><td class=\"column-5\">Direction R\u00e9gionale de l Emploi et des Affaires Sociales Rabat<\/td>\n<\/tr>\n<tr class=\"row-895\">\n\t<td class=\"column-1\"><\/td><td class=\"column-2\"><\/td><td class=\"column-3\"><strong>890<\/strong><\/td><td class=\"column-4\">QCHIQACH MOHAMED<\/td><td class=\"column-5\">Direction Provinciale de l Emploi et des Aff. soc. \u00e0 la Prov. de Khouribga<\/td>\n<\/tr>\n<tr class=\"row-896\">\n\t<td class=\"column-1\"><\/td><td class=\"column-2\"><\/td><td class=\"column-3\"><strong>891<\/strong><\/td><td class=\"column-4\">QOUCHAIRI MOHAMMED<\/td><td class=\"column-5\">DIRECTION DE l Emploi<\/td>\n<\/tr>\n<tr class=\"row-897\">\n\t<td class=\"column-1\"><\/td><td class=\"column-2\"><\/td><td class=\"column-3\"><strong>892<\/strong><\/td><td class=\"column-4\">RABIB AHMED<\/td><td class=\"column-5\">Direction Provinciale de l\u2019Emploi et des Aff. soc. \u00e0 la Prov. d\u2019Essaouira<\/td>\n<\/tr>\n<tr class=\"row-898\">\n\t<td class=\"column-1\"><\/td><td class=\"column-2\"><\/td><td class=\"column-3\"><strong>893<\/strong><\/td><td class=\"column-4\">RACHATI LAILA<\/td><td class=\"column-5\">DIRECTION DU TRAVAIL<\/td>\n<\/tr>\n<tr class=\"row-899\">\n\t<td class=\"column-1\"><\/td><td class=\"column-2\"><\/td><td class=\"column-3\"><strong>894<\/strong><\/td><td class=\"column-4\">RADOUANI SADIA<\/td><td class=\"column-5\">Direction Prov. de l Emp. et des Aff. Soc. a la Prefec. Arrond. AinSebaHayMoham<\/td>\n<\/tr>\n<tr class=\"row-900\">\n\t<td class=\"column-1\"><\/td><td class=\"column-2\"><\/td><td class=\"column-3\"><strong>895<\/strong><\/td><td class=\"column-4\">RAFIH FOUAD<\/td><td class=\"column-5\">Direction Prov. de l\u2019Emp. et des Aff. Soc. \u00e0 la Pr\u00e9fec. Arrond. HayHassaAinChok<\/td>\n<\/tr>\n<tr class=\"row-901\">\n\t<td class=\"column-1\"><\/td><td class=\"column-2\"><\/td><td class=\"column-3\"><strong>896<\/strong><\/td><td class=\"column-4\">RAHIH IKRAM<\/td><td class=\"column-5\">DIRECTION DES RESSOURCES HUMAINES,BUDGET ET AFF GENERALES<\/td>\n<\/tr>\n<tr class=\"row-902\">\n\t<td class=\"column-1\"><\/td><td class=\"column-2\"><\/td><td class=\"column-3\"><strong>897<\/strong><\/td><td class=\"column-4\">RAHO MERYEM<\/td><td class=\"column-5\">Direction Provinciale de l\u2019Emploi et des Aff. Soc. \u00e0 la Pr\u00e9fect. de Sefrou<\/td>\n<\/tr>\n<tr class=\"row-903\">\n\t<td class=\"column-1\"><\/td><td class=\"column-2\"><\/td><td class=\"column-3\"><strong>898<\/strong><\/td><td class=\"column-4\">RAISSOUNI OUAFAE<\/td><td class=\"column-5\">Direction Provinciale de l Emploi et des Aff. soc. a la Prov. de Tetouan<\/td>\n<\/tr>\n<tr class=\"row-904\">\n\t<td class=\"column-1\"><\/td><td class=\"column-2\"><\/td><td class=\"column-3\"><strong>899<\/strong><\/td><td class=\"column-4\">RAMID ABDELLATIF<\/td><td class=\"column-5\">CASABLANCA<\/td>\n<\/tr>\n<tr class=\"row-905\">\n\t<td class=\"column-1\"><\/td><td class=\"column-2\"><\/td><td class=\"column-3\"><strong>900<\/strong><\/td><td class=\"column-4\">RAMI-YAHYAOUI SANAE<\/td><td class=\"column-5\">Direction R\u00e9gionale de l Emploi et des Affaires Sociales F\u00e8s<\/td>\n<\/tr>\n<tr class=\"row-906\">\n\t<td class=\"column-1\"><\/td><td class=\"column-2\"><\/td><td class=\"column-3\"><strong>901<\/strong><\/td><td class=\"column-4\">REGRAGUI HOUDA<\/td><td class=\"column-5\">DIRECTION DES RESSOURCES HUMAINES,BUDGET ET AFF GENERALES<\/td>\n<\/tr>\n<tr class=\"row-907\">\n\t<td class=\"column-1\"><\/td><td class=\"column-2\"><\/td><td class=\"column-3\"><strong>902<\/strong><\/td><td class=\"column-4\">REJRAJI SIHAM<\/td><td class=\"column-5\">DIRECTION DES RESSOURCES HUMAINES,BUDGET ET AFF GENERALES<\/td>\n<\/tr>\n<tr class=\"row-908\">\n\t<td class=\"column-1\"><\/td><td class=\"column-2\"><\/td><td class=\"column-3\"><strong>903<\/strong><\/td><td class=\"column-4\">RGUIG HASNA<\/td><td class=\"column-5\">Direction Provinciale de l Emploi et des Aff. soc. \u00e0 la Prov. de Kenitra<\/td>\n<\/tr>\n<tr class=\"row-909\">\n\t<td class=\"column-1\"><\/td><td class=\"column-2\"><\/td><td class=\"column-3\"><strong>904<\/strong><\/td><td class=\"column-4\">RHACHIM OUMAIMA<\/td><td class=\"column-5\">Direction Provinciale de l Emploi et des Aff. soc. \u00e0 la Prov. de Kenitra<\/td>\n<\/tr>\n<tr class=\"row-910\">\n\t<td class=\"column-1\"><\/td><td class=\"column-2\"><\/td><td class=\"column-3\"><strong>905<\/strong><\/td><td class=\"column-4\">RHAFOURY AICHA<\/td><td class=\"column-5\">Direction Prov. de l\u2019Emp. et des Aff. Soc. \u00e0 la Pr\u00e9fec. Arrond. HayHassaAinChok<\/td>\n<\/tr>\n<tr class=\"row-911\">\n\t<td class=\"column-1\"><\/td><td class=\"column-2\"><\/td><td class=\"column-3\"><strong>906<\/strong><\/td><td class=\"column-4\">RHAOUI MARYEM<\/td><td class=\"column-5\">DIRECTION DES RESSOURCES HUMAINES,BUDGET ET AFF GENERALES<\/td>\n<\/tr>\n<tr class=\"row-912\">\n\t<td class=\"column-1\"><\/td><td class=\"column-2\"><\/td><td class=\"column-3\"><strong>907<\/strong><\/td><td class=\"column-4\">RHARIB BOUCHAIB<\/td><td class=\"column-5\">Direction Prov. de l\u2019Emp. et des Aff. Soc. \u00e0 la Pr\u00e9fec. Arrond. de Ben M\u2019sik<\/td>\n<\/tr>\n<tr class=\"row-913\">\n\t<td class=\"column-1\"><\/td><td class=\"column-2\"><\/td><td class=\"column-3\"><strong>908<\/strong><\/td><td class=\"column-4\">RIMAH FATIM ZAHRA<\/td><td class=\"column-5\">DIRECTION DES RESSOURCES HUMAINES,BUDGET ET AFF GENERALES<\/td>\n<\/tr>\n<tr class=\"row-914\">\n\t<td class=\"column-1\"><\/td><td class=\"column-2\"><\/td><td class=\"column-3\"><strong>909<\/strong><\/td><td class=\"column-4\">ROUFAE YOUSSEF<\/td><td class=\"column-5\">RABAT<\/td>\n<\/tr>\n<tr class=\"row-915\">\n\t<td class=\"column-1\"><\/td><td class=\"column-2\"><\/td><td class=\"column-3\"><strong>910<\/strong><\/td><td class=\"column-4\">SABIR ESSAOUDI<\/td><td class=\"column-5\">Direction R\u00e9gionale de l\u2019emploi et des Affaires Sociales Agadir<\/td>\n<\/tr>\n<tr class=\"row-916\">\n\t<td class=\"column-1\"><\/td><td class=\"column-2\"><\/td><td class=\"column-3\"><strong>911<\/strong><\/td><td class=\"column-4\">SABRI BRAHIM<\/td><td class=\"column-5\">Direction Provinciale de l Emploi et des Aff. Soc. \u00e0 la Pr\u00e9fect. de Sal\u00e9<\/td>\n<\/tr>\n<tr class=\"row-917\">\n\t<td class=\"column-1\"><\/td><td class=\"column-2\"><\/td><td class=\"column-3\"><strong>912<\/strong><\/td><td class=\"column-4\">SABRI HAJAR<\/td><td class=\"column-5\">DIRECTION DU TRAVAIL<\/td>\n<\/tr>\n<tr class=\"row-918\">\n\t<td class=\"column-1\"><\/td><td class=\"column-2\"><\/td><td class=\"column-3\"><strong>913<\/strong><\/td><td class=\"column-4\">SABRI NAJATE<\/td><td class=\"column-5\">Direction Provinciale de l Emploi et des Aff. Soc. a la Prefect. de Meknes<\/td>\n<\/tr>\n<tr class=\"row-919\">\n\t<td class=\"column-1\"><\/td><td class=\"column-2\"><\/td><td class=\"column-3\"><strong>914<\/strong><\/td><td class=\"column-4\">SADI ABDELLAH<\/td><td class=\"column-5\">Direction Prov. de l\u2019Emp. et des Aff. Soc. \u00e0 la Pr\u00e9fec. Arrond. de Ben M\u2019sik<\/td>\n<\/tr>\n<tr class=\"row-920\">\n\t<td class=\"column-1\"><\/td><td class=\"column-2\"><\/td><td class=\"column-3\"><strong>915<\/strong><\/td><td class=\"column-4\">SADIQ ICHRAK<\/td><td class=\"column-5\">Direction de l\u2019Observatoire National du March\u00e9 du Travail<\/td>\n<\/tr>\n<tr class=\"row-921\">\n\t<td class=\"column-1\"><\/td><td class=\"column-2\"><\/td><td class=\"column-3\"><strong>916<\/strong><\/td><td class=\"column-4\">SAFAR ABDELHAK<\/td><td class=\"column-5\">SECRETARIAT GENERAL<\/td>\n<\/tr>\n<tr class=\"row-922\">\n\t<td class=\"column-1\"><\/td><td class=\"column-2\"><\/td><td class=\"column-3\"><strong>917<\/strong><\/td><td class=\"column-4\">SAHRI KHADIJA<\/td><td class=\"column-5\">Direction Provinciale de l\u2019Emploi et des Aff. soc. \u00e0 la Prov. de Larache<\/td>\n<\/tr>\n<tr class=\"row-923\">\n\t<td class=\"column-1\"><\/td><td class=\"column-2\"><\/td><td class=\"column-3\"><strong>918<\/strong><\/td><td class=\"column-4\">SAIDI ABDELLATIF<\/td><td class=\"column-5\">DIRECTION DE LA PROTECTION\/S. DES TRAVAILLEURS<\/td>\n<\/tr>\n<tr class=\"row-924\">\n\t<td class=\"column-1\"><\/td><td class=\"column-2\"><\/td><td class=\"column-3\"><strong>919<\/strong><\/td><td class=\"column-4\">SALAM ABDELHAK<\/td><td class=\"column-5\">KENITRA<\/td>\n<\/tr>\n<tr class=\"row-925\">\n\t<td class=\"column-1\"><\/td><td class=\"column-2\"><\/td><td class=\"column-3\"><strong>920<\/strong><\/td><td class=\"column-4\">SALHI ZAKIA<\/td><td class=\"column-5\">Direction de la coop\u00e9ration internationale et du partenariat<\/td>\n<\/tr>\n<tr class=\"row-926\">\n\t<td class=\"column-1\"><\/td><td class=\"column-2\"><\/td><td class=\"column-3\"><strong>921<\/strong><\/td><td class=\"column-4\">SALIH IDRISSI MINA<\/td><td class=\"column-5\">Direction Regionale de l Emploi et des Affaires Sociales de Casablanca-Anfa<\/td>\n<\/tr>\n<tr class=\"row-927\">\n\t<td class=\"column-1\"><\/td><td class=\"column-2\"><\/td><td class=\"column-3\"><strong>922<\/strong><\/td><td class=\"column-4\">SALMI MUSTAFA<\/td><td class=\"column-5\">Direction R\u00e9gionale de l Emploi et des Affaires Sociales Oujda<\/td>\n<\/tr>\n<tr class=\"row-928\">\n\t<td class=\"column-1\"><\/td><td class=\"column-2\"><\/td><td class=\"column-3\"><strong>923<\/strong><\/td><td class=\"column-4\">SAMA RANIA<\/td><td class=\"column-5\">DIRECTION DE l Emploi<\/td>\n<\/tr>\n<tr class=\"row-929\">\n\t<td class=\"column-1\"><\/td><td class=\"column-2\"><\/td><td class=\"column-3\"><strong>924<\/strong><\/td><td class=\"column-4\">SAMI WISSAL<\/td><td class=\"column-5\">Direction Provinciale de l Emploi et des Aff. soc. \u00e0 la Prov. de Rhamna<\/td>\n<\/tr>\n<tr class=\"row-930\">\n\t<td class=\"column-1\"><\/td><td class=\"column-2\"><\/td><td class=\"column-3\"><strong>925<\/strong><\/td><td class=\"column-4\">SANNAR MOHAMMED<\/td><td class=\"column-5\">KENITRA<\/td>\n<\/tr>\n<tr class=\"row-931\">\n\t<td class=\"column-1\"><\/td><td class=\"column-2\"><\/td><td class=\"column-3\"><strong>926<\/strong><\/td><td class=\"column-4\">SAYEH HAFIDA<\/td><td class=\"column-5\">DIRECTION DES RESSOURCES HUMAINES,BUDGET ET AFF GENERALES<\/td>\n<\/tr>\n<tr class=\"row-932\">\n\t<td class=\"column-1\"><\/td><td class=\"column-2\"><\/td><td class=\"column-3\"><strong>927<\/strong><\/td><td class=\"column-4\">SBAI HALIMA<\/td><td class=\"column-5\">Direction Provinciale de l Emploi et des Aff. Soc. \u00e0 la Pr\u00e9fect. de Sal\u00e9<\/td>\n<\/tr>\n<tr class=\"row-933\">\n\t<td class=\"column-1\"><\/td><td class=\"column-2\"><\/td><td class=\"column-3\"><strong>928<\/strong><\/td><td class=\"column-4\">SBAI ZAKARIAA<\/td><td class=\"column-5\">Direction Provinciale de l Emploi et des Aff. Soc. \u00e0 la Pr\u00e9fect. de Sal\u00e9<\/td>\n<\/tr>\n<tr class=\"row-934\">\n\t<td class=\"column-1\"><\/td><td class=\"column-2\"><\/td><td class=\"column-3\"><strong>929<\/strong><\/td><td class=\"column-4\">SEBBAR ABDELKADER<\/td><td class=\"column-5\">OUJDA<\/td>\n<\/tr>\n<tr class=\"row-935\">\n\t<td class=\"column-1\"><\/td><td class=\"column-2\"><\/td><td class=\"column-3\"><strong>930<\/strong><\/td><td class=\"column-4\">SEBBATA HICHAME<\/td><td class=\"column-5\">DIRECTION DES RESSOURCES HUMAINES,BUDGET ET AFF GENERALES<\/td>\n<\/tr>\n<tr class=\"row-936\">\n\t<td class=\"column-1\"><\/td><td class=\"column-2\"><\/td><td class=\"column-3\"><strong>931<\/strong><\/td><td class=\"column-4\">SEBTAOUI MALIKA<\/td><td class=\"column-5\">Direction Provinciale de l Emploi et des Aff. soc. \u00e0 la Prov. de Settat<\/td>\n<\/tr>\n<tr class=\"row-937\">\n\t<td class=\"column-1\"><\/td><td class=\"column-2\"><\/td><td class=\"column-3\"><strong>932<\/strong><\/td><td class=\"column-4\">SEDRAOUI OMAR<\/td><td class=\"column-5\">Direction R\u00e9gionale de l Emploi et des Affaires Sociales Laayoune<\/td>\n<\/tr>\n<tr class=\"row-938\">\n\t<td class=\"column-1\"><\/td><td class=\"column-2\"><\/td><td class=\"column-3\"><strong>933<\/strong><\/td><td class=\"column-4\">SEFRIOUI SOUAD<\/td><td class=\"column-5\">RABAT<\/td>\n<\/tr>\n<tr class=\"row-939\">\n\t<td class=\"column-1\"><\/td><td class=\"column-2\"><\/td><td class=\"column-3\"><strong>934<\/strong><\/td><td class=\"column-4\">SEGHIR AMINE<\/td><td class=\"column-5\">Direction de l\u2019Observatoire National du March\u00e9 du Travail<\/td>\n<\/tr>\n<tr class=\"row-940\">\n\t<td class=\"column-1\"><\/td><td class=\"column-2\"><\/td><td class=\"column-3\"><strong>935<\/strong><\/td><td class=\"column-4\">SEKHR NABILA<\/td><td class=\"column-5\">INSPECTION GENERALE<\/td>\n<\/tr>\n<tr class=\"row-941\">\n\t<td class=\"column-1\"><\/td><td class=\"column-2\"><\/td><td class=\"column-3\"><strong>936<\/strong><\/td><td class=\"column-4\">SELLAM ABDESSAMAD<\/td><td class=\"column-5\">DIRECTION DE l Emploi<\/td>\n<\/tr>\n<tr class=\"row-942\">\n\t<td class=\"column-1\"><\/td><td class=\"column-2\"><\/td><td class=\"column-3\"><strong>937<\/strong><\/td><td class=\"column-4\">SEMLALI OULAYA<\/td><td class=\"column-5\">DIRECTION DU TRAVAIL<\/td>\n<\/tr>\n<tr class=\"row-943\">\n\t<td class=\"column-1\"><\/td><td class=\"column-2\"><\/td><td class=\"column-3\"><strong>938<\/strong><\/td><td class=\"column-4\">SENHAJI ANOUAR<\/td><td class=\"column-5\">DIRECTION DU TRAVAIL<\/td>\n<\/tr>\n<tr class=\"row-944\">\n\t<td class=\"column-1\"><\/td><td class=\"column-2\"><\/td><td class=\"column-3\"><strong>939<\/strong><\/td><td class=\"column-4\">SETTOUTI MOHAMMED<\/td><td class=\"column-5\">RABAT<\/td>\n<\/tr>\n<tr class=\"row-945\">\n\t<td class=\"column-1\"><\/td><td class=\"column-2\"><\/td><td class=\"column-3\"><strong>940<\/strong><\/td><td class=\"column-4\">SIDI AISSAME<\/td><td class=\"column-5\">Direction R\u00e9gionale de l Emploi et des Affaires Sociales Tanger<\/td>\n<\/tr>\n<tr class=\"row-946\">\n\t<td class=\"column-1\"><\/td><td class=\"column-2\"><\/td><td class=\"column-3\"><strong>941<\/strong><\/td><td class=\"column-4\">SLIMANI MOHAMED<\/td><td class=\"column-5\">DIRECTION DU TRAVAIL<\/td>\n<\/tr>\n<tr class=\"row-947\">\n\t<td class=\"column-1\"><\/td><td class=\"column-2\"><\/td><td class=\"column-3\"><strong>942<\/strong><\/td><td class=\"column-4\">SMIHI DOUAA<\/td><td class=\"column-5\">Direction Provinciale de l Emploi et des Aff. Soc. \u00e0 la Pr\u00e9fect. de Sefrou<\/td>\n<\/tr>\n<tr class=\"row-948\">\n\t<td class=\"column-1\"><\/td><td class=\"column-2\"><\/td><td class=\"column-3\"><strong>943<\/strong><\/td><td class=\"column-4\">S&#8217;MIHI SIBGHAT ALLAH<\/td><td class=\"column-5\">Direction Prov. de l\u2019Emp. et des Aff. Soc. \u00e0 la Pr\u00e9fec. Arrond. Nouaceur<\/td>\n<\/tr>\n<tr class=\"row-949\">\n\t<td class=\"column-1\"><\/td><td class=\"column-2\"><\/td><td class=\"column-3\"><strong>944<\/strong><\/td><td class=\"column-4\">SOLHI SALOUA<\/td><td class=\"column-5\">DIRECTION DE l Emploi<\/td>\n<\/tr>\n<tr class=\"row-950\">\n\t<td class=\"column-1\"><\/td><td class=\"column-2\"><\/td><td class=\"column-3\"><strong>945<\/strong><\/td><td class=\"column-4\">SOROURI ILHAM<\/td><td class=\"column-5\">DIRECTION DE l Emploi<\/td>\n<\/tr>\n<tr class=\"row-951\">\n\t<td class=\"column-1\"><\/td><td class=\"column-2\"><\/td><td class=\"column-3\"><strong>946<\/strong><\/td><td class=\"column-4\">SOUHAIL ASMA<\/td><td class=\"column-5\">Direction R\u00e9gionale de l Emploi et des Affaires Sociales Marrakech<\/td>\n<\/tr>\n<tr class=\"row-952\">\n\t<td class=\"column-1\"><\/td><td class=\"column-2\"><\/td><td class=\"column-3\"><strong>947<\/strong><\/td><td class=\"column-4\">SOUKRATI ESSAID<\/td><td class=\"column-5\">Direction de la coop\u00e9ration internationale et du partenariat<\/td>\n<\/tr>\n<tr class=\"row-953\">\n\t<td class=\"column-1\"><\/td><td class=\"column-2\"><\/td><td class=\"column-3\"><strong>948<\/strong><\/td><td class=\"column-4\">SOURADIQUI MOHAMED<\/td><td class=\"column-5\">Direction Provinciale de l\u2019Emploi et des Aff. soc. \u00e0 la Prov. de Settat<\/td>\n<\/tr>\n<tr class=\"row-954\">\n\t<td class=\"column-1\"><\/td><td class=\"column-2\"><\/td><td class=\"column-3\"><strong>949<\/strong><\/td><td class=\"column-4\">SOUSSI RABIA<\/td><td class=\"column-5\">Direction Provinciale de l\u2019Emploi et des Aff. soc. \u00e0 la Prov. d\u2019El Jadida<\/td>\n<\/tr>\n<tr class=\"row-955\">\n\t<td class=\"column-1\"><\/td><td class=\"column-2\"><\/td><td class=\"column-3\"><strong>950<\/strong><\/td><td class=\"column-4\">SOUYAH ACHRAF<\/td><td class=\"column-5\">Direction Provinciale de l\u2019Emploi et des Aff. Soc. \u00e0 la Pr\u00e9fect. de Sal\u00e9<\/td>\n<\/tr>\n<tr class=\"row-956\">\n\t<td class=\"column-1\"><\/td><td class=\"column-2\"><\/td><td class=\"column-3\"><strong>951<\/strong><\/td><td class=\"column-4\">SQUALLI HOUSSAINI ABDERRAHIM<\/td><td class=\"column-5\">Direction R\u00e9gionale de l Emploi et des Affaires Sociales F\u00e8s<\/td>\n<\/tr>\n<tr class=\"row-957\">\n\t<td class=\"column-1\"><\/td><td class=\"column-2\"><\/td><td class=\"column-3\"><strong>952<\/strong><\/td><td class=\"column-4\">SRAYI MOHAMMED<\/td><td class=\"column-5\">Direction Provinciale de l Emploi et des Aff. Soc. \u00e0 la Pr\u00e9fect. SkhirateT\u00e9mara<\/td>\n<\/tr>\n<tr class=\"row-958\">\n\t<td class=\"column-1\"><\/td><td class=\"column-2\"><\/td><td class=\"column-3\"><strong>953<\/strong><\/td><td class=\"column-4\">STIRA FATNA<\/td><td class=\"column-5\">Direction Provinciale de l Emploi et des Aff. Soc. a la Prefect. SkhirateTemara<\/td>\n<\/tr>\n<tr class=\"row-959\">\n\t<td class=\"column-1\"><\/td><td class=\"column-2\"><\/td><td class=\"column-3\"><strong>954<\/strong><\/td><td class=\"column-4\">TAALABI LHOUCINE<\/td><td class=\"column-5\">Direction Provinciale de l Emploi et des Aff. soc. \u00e0 la Prov. de Taourirt<\/td>\n<\/tr>\n<tr class=\"row-960\">\n\t<td class=\"column-1\"><\/td><td class=\"column-2\"><\/td><td class=\"column-3\"><strong>955<\/strong><\/td><td class=\"column-4\">TAHER QUINZA<\/td><td class=\"column-5\">RABAT<\/td>\n<\/tr>\n<tr class=\"row-961\">\n\t<td class=\"column-1\"><\/td><td class=\"column-2\"><\/td><td class=\"column-3\"><strong>956<\/strong><\/td><td class=\"column-4\">TAHIRI ABDERRAHIM<\/td><td class=\"column-5\">DIRECTION DES RESSOURCES HUMAINES,BUDGET ET AFF GENERALES<\/td>\n<\/tr>\n<tr class=\"row-962\">\n\t<td class=\"column-1\"><\/td><td class=\"column-2\"><\/td><td class=\"column-3\"><strong>957<\/strong><\/td><td class=\"column-4\">TAHIRI MOUHCINE<\/td><td class=\"column-5\">Direction Provinciale de l Emploi et des Aff. soc. \u00e0 la Prov. de Taourirt<\/td>\n<\/tr>\n<tr class=\"row-963\">\n\t<td class=\"column-1\"><\/td><td class=\"column-2\"><\/td><td class=\"column-3\"><strong>958<\/strong><\/td><td class=\"column-4\">TAHOUR SAADIA<\/td><td class=\"column-5\">RABAT<\/td>\n<\/tr>\n<tr class=\"row-964\">\n\t<td class=\"column-1\"><\/td><td class=\"column-2\"><\/td><td class=\"column-3\"><strong>959<\/strong><\/td><td class=\"column-4\">TAKHRIPHA HAMZA<\/td><td class=\"column-5\">Direction Provinciale de l Emploi et des Aff. soc. \u00e0 la Prov. de T\u00e9touan<\/td>\n<\/tr>\n<tr class=\"row-965\">\n\t<td class=\"column-1\"><\/td><td class=\"column-2\"><\/td><td class=\"column-3\"><strong>960<\/strong><\/td><td class=\"column-4\">TALBI ABDELHAMID<\/td><td class=\"column-5\">Direction Provinciale de l\u2019Emploi et des Aff. soc. \u00e0 la Prov. de B\u00e9ni-Mellal<\/td>\n<\/tr>\n<tr class=\"row-966\">\n\t<td class=\"column-1\"><\/td><td class=\"column-2\"><\/td><td class=\"column-3\"><strong>961<\/strong><\/td><td class=\"column-4\">TALBI OUISSAL<\/td><td class=\"column-5\">Direction Provinciale de l\u2019Emploi et des Aff. soc. \u00e0 la Prov. de T\u00e9touan<\/td>\n<\/tr>\n<tr class=\"row-967\">\n\t<td class=\"column-1\"><\/td><td class=\"column-2\"><\/td><td class=\"column-3\"><strong>962<\/strong><\/td><td class=\"column-4\">TALIB FATIMA<\/td><td class=\"column-5\">Direction R\u00e9gionale de l Emploi et des Affaires Sociales F\u00e8s<\/td>\n<\/tr>\n<tr class=\"row-968\">\n\t<td class=\"column-1\"><\/td><td class=\"column-2\"><\/td><td class=\"column-3\"><strong>963<\/strong><\/td><td class=\"column-4\">TAMMAR HAJAR<\/td><td class=\"column-5\">Direction Provinciale de l Emploi et des Aff. Soc. \u00e0 la Pr\u00e9fect. SkhirateT\u00e9mara<\/td>\n<\/tr>\n<tr class=\"row-969\">\n\t<td class=\"column-1\"><\/td><td class=\"column-2\"><\/td><td class=\"column-3\"><strong>964<\/strong><\/td><td class=\"column-4\">TAMOUH KHALID<\/td><td class=\"column-5\">DIRECTION DES RESSOURCES HUMAINES,BUDGET ET AFF GENERALES<\/td>\n<\/tr>\n<tr class=\"row-970\">\n\t<td class=\"column-1\"><\/td><td class=\"column-2\"><\/td><td class=\"column-3\"><strong>965<\/strong><\/td><td class=\"column-4\">TAMOUH SAID<\/td><td class=\"column-5\">Direction Provinciale de l Emploi et des Aff. Soc. a la Prefect. de Sale<\/td>\n<\/tr>\n<tr class=\"row-971\">\n\t<td class=\"column-1\"><\/td><td class=\"column-2\"><\/td><td class=\"column-3\"><strong>966<\/strong><\/td><td class=\"column-4\">TANTAOUI MOHAMED SALEH<\/td><td class=\"column-5\">Direction R\u00e9gionale de l\u2019emploi et des Affaires Sociales Laayoune<\/td>\n<\/tr>\n<tr class=\"row-972\">\n\t<td class=\"column-1\"><\/td><td class=\"column-2\"><\/td><td class=\"column-3\"><strong>967<\/strong><\/td><td class=\"column-4\">TAOUDI DRISS<\/td><td class=\"column-5\">FES<\/td>\n<\/tr>\n<tr class=\"row-973\">\n\t<td class=\"column-1\"><\/td><td class=\"column-2\"><\/td><td class=\"column-3\"><strong>968<\/strong><\/td><td class=\"column-4\">TAOUFIQ ABDELADIM<\/td><td class=\"column-5\">Direction Regionale de l emploi et des Affaires Sociales Agadir<\/td>\n<\/tr>\n<tr class=\"row-974\">\n\t<td class=\"column-1\"><\/td><td class=\"column-2\"><\/td><td class=\"column-3\"><strong>969<\/strong><\/td><td class=\"column-4\">TAOULI HASSAN<\/td><td class=\"column-5\">DIRECTION DE l Emploi<\/td>\n<\/tr>\n<tr class=\"row-975\">\n\t<td class=\"column-1\"><\/td><td class=\"column-2\"><\/td><td class=\"column-3\"><strong>970<\/strong><\/td><td class=\"column-4\">TAOUSSI MOHAMMED<\/td><td class=\"column-5\">DIRECTION DES RESSOURCES HUMAINES,BUDGET ET AFF GENERALES<\/td>\n<\/tr>\n<tr class=\"row-976\">\n\t<td class=\"column-1\"><\/td><td class=\"column-2\"><\/td><td class=\"column-3\"><strong>971<\/strong><\/td><td class=\"column-4\">TARCHOULI NOUZHA<\/td><td class=\"column-5\">Direction Prov. de l Emp. et des Aff. Soc. a la Prefec. Arrond. AinSebaHayMoham<\/td>\n<\/tr>\n<tr class=\"row-977\">\n\t<td class=\"column-1\"><\/td><td class=\"column-2\"><\/td><td class=\"column-3\"><strong>972<\/strong><\/td><td class=\"column-4\">TARFAOUI HASINA<\/td><td class=\"column-5\">Direction R\u00e9gionale de l\u2019emploi et des Affaires Sociales Laayoune<\/td>\n<\/tr>\n<tr class=\"row-978\">\n\t<td class=\"column-1\"><\/td><td class=\"column-2\"><\/td><td class=\"column-3\"><strong>973<\/strong><\/td><td class=\"column-4\">TARIQ MOHAMED<\/td><td class=\"column-5\">Direction Provinciale de l Emploi et des Aff. soc. \u00e0 la Prov. d\u2019Essaouira<\/td>\n<\/tr>\n<tr class=\"row-979\">\n\t<td class=\"column-1\"><\/td><td class=\"column-2\"><\/td><td class=\"column-3\"><strong>974<\/strong><\/td><td class=\"column-4\">TAYAA ABDERRAZZAK<\/td><td class=\"column-5\">Direction Provinciale de l Emploi et des Aff. Soc. \u00e0 la Pr\u00e9fect. de Sefrou<\/td>\n<\/tr>\n<tr class=\"row-980\">\n\t<td class=\"column-1\"><\/td><td class=\"column-2\"><\/td><td class=\"column-3\"><strong>975<\/strong><\/td><td class=\"column-4\">TAYANI HICHAM<\/td><td class=\"column-5\">Direction Prov. de l\u2019Emp. et des Aff. Soc. \u00e0 la Pr\u00e9fec. Arrond. Nouaceur<\/td>\n<\/tr>\n<tr class=\"row-981\">\n\t<td class=\"column-1\"><\/td><td class=\"column-2\"><\/td><td class=\"column-3\"><strong>976<\/strong><\/td><td class=\"column-4\">TAYOUBI ISSAM<\/td><td class=\"column-5\">Direction Provinciale de l Emploi et des Aff. soc. \u00e0 la Prov. de T\u00e9touan<\/td>\n<\/tr>\n<tr class=\"row-982\">\n\t<td class=\"column-1\"><\/td><td class=\"column-2\"><\/td><td class=\"column-3\"><strong>977<\/strong><\/td><td class=\"column-4\">TBAIKI HASSAN<\/td><td class=\"column-5\">Direction Provinciale de l Emploi et des Aff. Soc. \u00e0 la Pr\u00e9fect. SkhirateT\u00e9mara<\/td>\n<\/tr>\n<tr class=\"row-983\">\n\t<td class=\"column-1\"><\/td><td class=\"column-2\"><\/td><td class=\"column-3\"><strong>978<\/strong><\/td><td class=\"column-4\">TCHICHE NAIMA<\/td><td class=\"column-5\">DIRECTION DU TRAVAIL<\/td>\n<\/tr>\n<tr class=\"row-984\">\n\t<td class=\"column-1\"><\/td><td class=\"column-2\"><\/td><td class=\"column-3\"><strong>979<\/strong><\/td><td class=\"column-4\">THOUMI LATIFA<\/td><td class=\"column-5\">Direction R\u00e9gionale de l Emploi et des Affaires Sociales Rabat<\/td>\n<\/tr>\n<tr class=\"row-985\">\n\t<td class=\"column-1\"><\/td><td class=\"column-2\"><\/td><td class=\"column-3\"><strong>980<\/strong><\/td><td class=\"column-4\">TIBARI YOUNSSE<\/td><td class=\"column-5\">DIRECTION DU TRAVAIL<\/td>\n<\/tr>\n<tr class=\"row-986\">\n\t<td class=\"column-1\"><\/td><td class=\"column-2\"><\/td><td class=\"column-3\"><strong>981<\/strong><\/td><td class=\"column-4\">TIDDARH EL MILOUD<\/td><td class=\"column-5\">Direction R\u00e9gionale de l Emploi et des Affaires Sociales Oujda<\/td>\n<\/tr>\n<tr class=\"row-987\">\n\t<td class=\"column-1\"><\/td><td class=\"column-2\"><\/td><td class=\"column-3\"><strong>982<\/strong><\/td><td class=\"column-4\">TIMGHARINE AHMAD<\/td><td class=\"column-5\">Direction Provinciale de l Emploi et des Aff. soc. \u00e0 la Prov. d\u2019Ifrane<\/td>\n<\/tr>\n<tr class=\"row-988\">\n\t<td class=\"column-1\"><\/td><td class=\"column-2\"><\/td><td class=\"column-3\"><strong>983<\/strong><\/td><td class=\"column-4\">TIMMOU HOUDA<\/td><td class=\"column-5\">DIRECTION DES RESSOURCES HUMAINES,BUDGET ET AFF GENERALES<\/td>\n<\/tr>\n<tr class=\"row-989\">\n\t<td class=\"column-1\"><\/td><td class=\"column-2\"><\/td><td class=\"column-3\"><strong>984<\/strong><\/td><td class=\"column-4\">TLEMCANI AMINA<\/td><td class=\"column-5\">Direction R\u00e9gionale de l Emploi et des Affaires Sociales Tanger<\/td>\n<\/tr>\n<tr class=\"row-990\">\n\t<td class=\"column-1\"><\/td><td class=\"column-2\"><\/td><td class=\"column-3\"><strong>985<\/strong><\/td><td class=\"column-4\">TNAIJI RAJAE<\/td><td class=\"column-5\">Direction Provinciale de l Emploi et des Aff. soc. \u00e0 la Prov. de T\u00e9touan<\/td>\n<\/tr>\n<tr class=\"row-991\">\n\t<td class=\"column-1\"><\/td><td class=\"column-2\"><\/td><td class=\"column-3\"><strong>986<\/strong><\/td><td class=\"column-4\">TOUHAMI ABDERRAHIM<\/td><td class=\"column-5\">Direction Prov. de l\u2019Emp. et des Aff. Soc. \u00e0 la Pr\u00e9fec. Arrond. AinSebaHayMoham<\/td>\n<\/tr>\n<tr class=\"row-992\">\n\t<td class=\"column-1\"><\/td><td class=\"column-2\"><\/td><td class=\"column-3\"><strong>987<\/strong><\/td><td class=\"column-4\">TOUHAMI LAMYAE<\/td><td class=\"column-5\">Direction de la coop\u00e9ration internationale et du partenariat<\/td>\n<\/tr>\n<tr class=\"row-993\">\n\t<td class=\"column-1\"><\/td><td class=\"column-2\"><\/td><td class=\"column-3\"><strong>988<\/strong><\/td><td class=\"column-4\">TOUIL BELKHIR<\/td><td class=\"column-5\">Direction R\u00e9gionale de l Emploi et des Affaires Sociales Oujda<\/td>\n<\/tr>\n<tr class=\"row-994\">\n\t<td class=\"column-1\"><\/td><td class=\"column-2\"><\/td><td class=\"column-3\"><strong>989<\/strong><\/td><td class=\"column-4\">TOUIL SIFEDDINE<\/td><td class=\"column-5\">DIRECTION DE l Emploi<\/td>\n<\/tr>\n<tr class=\"row-995\">\n\t<td class=\"column-1\"><\/td><td class=\"column-2\"><\/td><td class=\"column-3\"><strong>990<\/strong><\/td><td class=\"column-4\">TOUILE KHADIJA<\/td><td class=\"column-5\">DIRECTION DE l Emploi<\/td>\n<\/tr>\n<tr class=\"row-996\">\n\t<td class=\"column-1\"><\/td><td class=\"column-2\"><\/td><td class=\"column-3\"><strong>991<\/strong><\/td><td class=\"column-4\">TOUIMY KHAOULA<\/td><td class=\"column-5\">Direction Provinciale de l Emploi et des Aff. soc. \u00e0 la Prov. d\u2019El Jadida<\/td>\n<\/tr>\n<tr class=\"row-997\">\n\t<td class=\"column-1\"><\/td><td class=\"column-2\"><\/td><td class=\"column-3\"><strong>992<\/strong><\/td><td class=\"column-4\">TOUNSSI MOULAY ABDELLAH<\/td><td class=\"column-5\">Direction R\u00e9gionale de l Emploi et des Affaires Sociales Laayoune<\/td>\n<\/tr>\n<tr class=\"row-998\">\n\t<td class=\"column-1\"><\/td><td class=\"column-2\"><\/td><td class=\"column-3\"><strong>993<\/strong><\/td><td class=\"column-4\">TOURIA CHERKAOUI MAK<\/td><td class=\"column-5\">RETRAITE SALE<\/td>\n<\/tr>\n<tr class=\"row-999\">\n\t<td class=\"column-1\"><\/td><td class=\"column-2\"><\/td><td class=\"column-3\"><strong>994<\/strong><\/td><td class=\"column-4\">TOUTA IKRAM<\/td><td class=\"column-5\">Direction Provinciale de l\u2019Emploi et des Aff. Soc. \u00e0 la Pr\u00e9fect. SkhirateT\u00e9mara<\/td>\n<\/tr>\n<tr class=\"row-1000\">\n\t<td class=\"column-1\"><\/td><td class=\"column-2\"><\/td><td class=\"column-3\"><strong>995<\/strong><\/td><td class=\"column-4\">TOUZANI SOUAD<\/td><td class=\"column-5\">Direction Provinciale de l Emploi et des Aff. Soc. \u00e0 la Pr\u00e9fect. de Mekn\u00e8s<\/td>\n<\/tr>\n<tr class=\"row-1001\">\n\t<td class=\"column-1\"><\/td><td class=\"column-2\"><\/td><td class=\"column-3\"><strong>996<\/strong><\/td><td class=\"column-4\">TYARTI ABDELJALIL<\/td><td class=\"column-5\">Retraite RABAT<\/td>\n<\/tr>\n<tr class=\"row-1002\">\n\t<td class=\"column-1\"><\/td><td class=\"column-2\"><\/td><td class=\"column-3\"><strong>997<\/strong><\/td><td class=\"column-4\">YAAQOBI AIMAD<\/td><td class=\"column-5\">Direction R\u00e9gionale de l Emploi et des Affaires Sociales Oujda<\/td>\n<\/tr>\n<tr class=\"row-1003\">\n\t<td class=\"column-1\"><\/td><td class=\"column-2\"><\/td><td class=\"column-3\"><strong>998<\/strong><\/td><td class=\"column-4\">YACHOU BADREDDINE<\/td><td class=\"column-5\">Direction Provinciale de l Emploi et des Aff. soc. \u00e0 la Prov. de sidi Slimane<\/td>\n<\/tr>\n<tr class=\"row-1004\">\n\t<td class=\"column-1\"><\/td><td class=\"column-2\"><\/td><td class=\"column-3\"><strong>999<\/strong><\/td><td class=\"column-4\">YACHOU HAJAR<\/td><td class=\"column-5\">Direction Provinciale de l Emploi et des Aff. soc. \u00e0 la Prov. de Kenitra<\/td>\n<\/tr>\n<tr class=\"row-1005\">\n\t<td class=\"column-1\"><\/td><td class=\"column-2\"><\/td><td class=\"column-3\"><strong>1000<\/strong><\/td><td class=\"column-4\">YADANE AYOUB<\/td><td class=\"column-5\">Direction Provinciale de l\u2019Emploi et des Aff. soc. \u00e0 la Prov. d\u2019Errachidia<\/td>\n<\/tr>\n<tr class=\"row-1006\">\n\t<td class=\"column-1\"><\/td><td class=\"column-2\"><\/td><td class=\"column-3\"><strong>1001<\/strong><\/td><td class=\"column-4\">YAHIA GHIZLANE<\/td><td class=\"column-5\">DIRECTION DES RESSOURCES HUMAINES,BUDGET ET AFF GENERALES<\/td>\n<\/tr>\n<tr class=\"row-1007\">\n\t<td class=\"column-1\"><\/td><td class=\"column-2\"><\/td><td class=\"column-3\"><strong>1002<\/strong><\/td><td class=\"column-4\">YESLEM BRAHIM<\/td><td class=\"column-5\">Direction R\u00e9gionale de l Emploi et des Affaires Sociales Laayoune<\/td>\n<\/tr>\n<tr class=\"row-1008\">\n\t<td class=\"column-1\"><\/td><td class=\"column-2\"><\/td><td class=\"column-3\"><strong>1003<\/strong><\/td><td class=\"column-4\">YOUNSI NADIA<\/td><td class=\"column-5\">Direction R\u00e9gionale de l Emploi et des Affaires Sociales Rabat<\/td>\n<\/tr>\n<tr class=\"row-1009\">\n\t<td class=\"column-1\"><\/td><td class=\"column-2\"><\/td><td class=\"column-3\"><strong>1004<\/strong><\/td><td class=\"column-4\">YOUSFI ILHAM<\/td><td class=\"column-5\">Direction Provinciale de l Emploi et des Aff. Soc. \u00e0 la Pr\u00e9fect. de Mohammedia<\/td>\n<\/tr>\n<tr class=\"row-1010\">\n\t<td class=\"column-1\"><\/td><td class=\"column-2\"><\/td><td class=\"column-3\"><strong>1005<\/strong><\/td><td class=\"column-4\">ZAGGAF MOUNIR<\/td><td class=\"column-5\">Direction R\u00e9gionale de l\u2019emploi et des Affaires Sociales Tanger<\/td>\n<\/tr>\n<tr class=\"row-1011\">\n\t<td class=\"column-1\"><\/td><td class=\"column-2\"><\/td><td class=\"column-3\"><strong>1006<\/strong><\/td><td class=\"column-4\">ZAGHLOUL FOUZIA<\/td><td class=\"column-5\">DIRECTION DE l Emploi<\/td>\n<\/tr>\n<tr class=\"row-1012\">\n\t<td class=\"column-1\"><\/td><td class=\"column-2\"><\/td><td class=\"column-3\"><strong>1007<\/strong><\/td><td class=\"column-4\">ZAGHOULI KHADIJA<\/td><td class=\"column-5\">Direction Provinciale de l Emploi et des Aff. soc. \u00e0 la Prov. de T\u00e9touan<\/td>\n<\/tr>\n<tr class=\"row-1013\">\n\t<td class=\"column-1\"><\/td><td class=\"column-2\"><\/td><td class=\"column-3\"><strong>1008<\/strong><\/td><td class=\"column-4\">ZAHIR FATNA<\/td><td class=\"column-5\">Direction Regionale de l emploi et des Affaires Sociales Fes<\/td>\n<\/tr>\n<tr class=\"row-1014\">\n\t<td class=\"column-1\"><\/td><td class=\"column-2\"><\/td><td class=\"column-3\"><strong>1009<\/strong><\/td><td class=\"column-4\">ZAHIR KHADIJA<\/td><td class=\"column-5\">Direction Prov. de l\u2019Emp. et des Aff. Soc. \u00e0 la Pr\u00e9fec. Arrond. AinSebaHayMoham<\/td>\n<\/tr>\n<tr class=\"row-1015\">\n\t<td class=\"column-1\"><\/td><td class=\"column-2\"><\/td><td class=\"column-3\"><strong>1010<\/strong><\/td><td class=\"column-4\">ZAHIRI MOUNIA<\/td><td class=\"column-5\">Direction Provinciale de l Emploi et des Aff. soc. \u00e0 la Prov. de Kenitra<\/td>\n<\/tr>\n<tr class=\"row-1016\">\n\t<td class=\"column-1\"><\/td><td class=\"column-2\"><\/td><td class=\"column-3\"><strong>1011<\/strong><\/td><td class=\"column-4\">ZAHRAOUI ABDERRAHMAN<\/td><td class=\"column-5\">Direction Provinciale de l Emploi et des Aff. soc. \u00e0 la Prov. de B\u00e9ni-Mellal<\/td>\n<\/tr>\n<tr class=\"row-1017\">\n\t<td class=\"column-1\"><\/td><td class=\"column-2\"><\/td><td class=\"column-3\"><strong>1012<\/strong><\/td><td class=\"column-4\">ZAIMI ATIKA<\/td><td class=\"column-5\">Direction Provinciale de l Emploi et des Aff. soc. \u00e0 la Prov. de Ghercif<\/td>\n<\/tr>\n<tr class=\"row-1018\">\n\t<td class=\"column-1\"><\/td><td class=\"column-2\"><\/td><td class=\"column-3\"><strong>1013<\/strong><\/td><td class=\"column-4\">ZAITOUNI OUARDIA<\/td><td class=\"column-5\">DIRECTION DU TRAVAIL<\/td>\n<\/tr>\n<tr class=\"row-1019\">\n\t<td class=\"column-1\"><\/td><td class=\"column-2\"><\/td><td class=\"column-3\"><strong>1014<\/strong><\/td><td class=\"column-4\">ZAKHNINI DRISS<\/td><td class=\"column-5\">Direction Provinciale de l Emploi et des Aff. soc. \u00e0 la Prov. de sidi Kacem<\/td>\n<\/tr>\n<tr class=\"row-1020\">\n\t<td class=\"column-1\"><\/td><td class=\"column-2\"><\/td><td class=\"column-3\"><strong>1015<\/strong><\/td><td class=\"column-4\">ZAROILI SIDI AHMED<\/td><td class=\"column-5\">Direction R\u00e9gionale de l Emploi et des Affaires Sociales Laayoune<\/td>\n<\/tr>\n<tr class=\"row-1021\">\n\t<td class=\"column-1\"><\/td><td class=\"column-2\"><\/td><td class=\"column-3\"><strong>1016<\/strong><\/td><td class=\"column-4\">ZAROUAL JAMAL<\/td><td class=\"column-5\">Direction R\u00e9gionale de l Emploi et des Affaires Sociales Safi<\/td>\n<\/tr>\n<tr class=\"row-1022\">\n\t<td class=\"column-1\"><\/td><td class=\"column-2\"><\/td><td class=\"column-3\"><strong>1017<\/strong><\/td><td class=\"column-4\">ZBIRAT ABDELILAH<\/td><td class=\"column-5\">Direction Provinciale de l\u2019Emploi et des Aff. Soc. \u00e0 la Pr\u00e9fect. de Sal\u00e9<\/td>\n<\/tr>\n<tr class=\"row-1023\">\n\t<td class=\"column-1\"><\/td><td class=\"column-2\"><\/td><td class=\"column-3\"><strong>1018<\/strong><\/td><td class=\"column-4\">ZEKLANI JAMILA<\/td><td class=\"column-5\">Direction Provinciale de l Emploi et des Aff. soc. \u00e0 la Prov. d\u2019Errachidia<\/td>\n<\/tr>\n<tr class=\"row-1024\">\n\t<td class=\"column-1\"><\/td><td class=\"column-2\"><\/td><td class=\"column-3\"><strong>1019<\/strong><\/td><td class=\"column-4\">ZERAIDI MAHJOUBA<\/td><td class=\"column-5\">Direction R\u00e9gionale de l Emploi et des Affaires Sociales Safi<\/td>\n<\/tr>\n<tr class=\"row-1025\">\n\t<td class=\"column-1\"><\/td><td class=\"column-2\"><\/td><td class=\"column-3\"><strong>1020<\/strong><\/td><td class=\"column-4\">ZERDAOUI ALI<\/td><td class=\"column-5\">Direction Provinciale de l Emploi et des Aff. soc. \u00e0 la Prov. de Taza<\/td>\n<\/tr>\n<tr class=\"row-1026\">\n\t<td class=\"column-1\"><\/td><td class=\"column-2\"><\/td><td class=\"column-3\"><strong>1021<\/strong><\/td><td class=\"column-4\">ZERIOUH LAALA<\/td><td class=\"column-5\">Direction R\u00e9gionale de l\u2019Emploi et des Affaires Sociales Rabat<\/td>\n<\/tr>\n<tr class=\"row-1027\">\n\t<td class=\"column-1\"><\/td><td class=\"column-2\"><\/td><td class=\"column-3\"><strong>1022<\/strong><\/td><td class=\"column-4\">ZEROUALI MORAD<\/td><td class=\"column-5\">Direction Provinciale de l Emploi et des Aff. soc. \u00e0 la Prov. de Berkane<\/td>\n<\/tr>\n<tr class=\"row-1028\">\n\t<td class=\"column-1\"><\/td><td class=\"column-2\"><\/td><td class=\"column-3\"><strong>1023<\/strong><\/td><td class=\"column-4\">ZIADI NADIA<\/td><td class=\"column-5\">Direction Provinciale de l Emploi et des Aff. soc. \u00e0 la Prov. de B\u00e9ni-Mellal<\/td>\n<\/tr>\n<tr class=\"row-1029\">\n\t<td class=\"column-1\"><\/td><td class=\"column-2\"><\/td><td class=\"column-3\"><strong>1024<\/strong><\/td><td class=\"column-4\">ZIANI EL BEKKAY<\/td><td class=\"column-5\">Direction R\u00e9gionale de l Emploi et des Affaires Sociales Oujda<\/td>\n<\/tr>\n<tr class=\"row-1030\">\n\t<td class=\"column-1\"><\/td><td class=\"column-2\"><\/td><td class=\"column-3\"><strong>1025<\/strong><\/td><td class=\"column-4\">ZIAT AMAL<\/td><td class=\"column-5\">Direction R\u00e9gionale de l Emploi et des Affaires Sociales F\u00e8s<\/td>\n<\/tr>\n<tr class=\"row-1031\">\n\t<td class=\"column-1\"><\/td><td class=\"column-2\"><\/td><td class=\"column-3\"><strong>1026<\/strong><\/td><td class=\"column-4\">ZIKI HASSAN<\/td><td class=\"column-5\">Direction R\u00e9gionale de l\u2019emploi et des Affaires Sociales Agadir<\/td>\n<\/tr>\n<tr class=\"row-1032\">\n\t<td class=\"column-1\"><\/td><td class=\"column-2\"><\/td><td class=\"column-3\"><strong>1027<\/strong><\/td><td class=\"column-4\">ZINE ABDELHAFID<\/td><td class=\"column-5\">Direction R\u00e9gionale de l Emploi et des Affaires Sociales Laayoune<\/td>\n<\/tr>\n<tr class=\"row-1033\">\n\t<td class=\"column-1\"><\/td><td class=\"column-2\"><\/td><td class=\"column-3\"><strong>1028<\/strong><\/td><td class=\"column-4\">ZINE EDDINE SANNIMA<\/td><td class=\"column-5\">Direction Provinciale de l Emploi et des Affaires Sociales a Dakhla<\/td>\n<\/tr>\n<tr class=\"row-1034\">\n\t<td class=\"column-1\"><\/td><td class=\"column-2\"><\/td><td class=\"column-3\"><strong>1029<\/strong><\/td><td class=\"column-4\">ZIYAT ZAKI MOURAD<\/td><td class=\"column-5\">DIRECTION DES RESSOURCES HUMAINES,BUDGET ET AFF GENERALES<\/td>\n<\/tr>\n<tr class=\"row-1035\">\n\t<td class=\"column-1\"><\/td><td class=\"column-2\"><\/td><td class=\"column-3\"><strong>1030<\/strong><\/td><td class=\"column-4\">ZNNAGUI ABDELMOTTALIB<\/td><td class=\"column-5\">Direction Provinciale de l Emploi et des Aff. soc. \u00e0 la Prov. d\u2019El Hoceima<\/td>\n<\/tr>\n<tr class=\"row-1036\">\n\t<td class=\"column-1\"><\/td><td class=\"column-2\"><\/td><td class=\"column-3\"><strong>1031<\/strong><\/td><td class=\"column-4\">ZOUHAEIR ZAHRA<\/td><td class=\"column-5\">Direction R\u00e9gionale de l Emploi et des Affaires Sociales de Casablanca-Anfa<\/td>\n<\/tr>\n<tr class=\"row-1037\">\n\t<td class=\"column-1\"><\/td><td class=\"column-2\"><\/td><td class=\"column-3\"><strong>1032<\/strong><\/td><td class=\"column-4\">ZOUHIRI KAWTAR<\/td><td class=\"column-5\">DIRECTION DU TRAVAIL<\/td>\n<\/tr>\n<tr class=\"row-1038\">\n\t<td class=\"column-1\"><\/td><td class=\"column-2\"><\/td><td class=\"column-3\"><strong>1033<\/strong><\/td><td class=\"column-4\">ZOUINE DRISS<\/td><td class=\"column-5\">DIRECTION DU TRAVAIL<\/td>\n<\/tr>\n<tr class=\"row-1039\">\n\t<td class=\"column-1\"><\/td><td class=\"column-2\"><\/td><td class=\"column-3\"><strong>1034<\/strong><\/td><td class=\"column-4\">ZOUINE EL HACHMIA<\/td><td class=\"column-5\">DIRECTION DU TRAVAIL<\/td>\n<\/tr>\n<tr class=\"row-1040\">\n\t<td class=\"column-1\"><\/td><td class=\"column-2\"><\/td><td class=\"column-3\"><strong>1035<\/strong><\/td><td class=\"column-4\">ZOUITA AIDA<\/td><td class=\"column-5\">Direction Provinciale de l Emploi et des Aff. soc. \u00e0 la Prov. de Kenitra<\/td>\n<\/tr>\n<tr class=\"row-1041\">\n\t<td class=\"column-1\"><\/td><td class=\"column-2\"><\/td><td class=\"column-3\"><strong>1036<\/strong><\/td><td class=\"column-4\">ZOUITNI ABDELALI<\/td><td class=\"column-5\">Direction Provinciale de l Emploi et des Aff. soc. \u00e0 la Prov. de Taza<\/td>\n<\/tr>\n<tr class=\"row-1042\">\n\t<td class=\"column-1\"><\/td><td class=\"column-2\"><\/td><td class=\"column-3\"><strong>1037<\/strong><\/td><td class=\"column-4\">MOUADDINE LAHCEN<\/td><td class=\"column-5\">DIRECTION DU TRAVAIL<\/td>\n<\/tr>\n<tr class=\"row-1043\">\n\t<td class=\"column-1\"><\/td><td class=\"column-2\"><\/td><td class=\"column-3\"><strong>1038<\/strong><\/td><td class=\"column-4\">ZOUAOUI YAHYA<\/td><td class=\"column-5\">Direction de la coop\u00e9ration internationale et du partenariat<\/td>\n<\/tr>\n<tr class=\"row-1044\">\n\t<td class=\"column-1\"><\/td><td class=\"column-2\"><\/td><td class=\"column-3\"><strong>1039<\/strong><\/td><td class=\"column-4\">ACHABI HICHAM<\/td><td class=\"column-5\">Direction de la coop\u00e9ration internationale et du partenariat<\/td>\n<\/tr>\n<tr class=\"row-1045\">\n\t<td class=\"column-1\"><\/td><td class=\"column-2\"><\/td><td class=\"column-3\"><strong>1040<\/strong><\/td><td class=\"column-4\">EL HAMDAOUI IBRAHIM<\/td><td class=\"column-5\">Direction Provinciale de l Emploi et des Aff. Soc. \u00e0 la Pr\u00e9fect. SkhirateT\u00e9mara<\/td>\n<\/tr>\n<tr class=\"row-1046\">\n\t<td class=\"column-1\"><\/td><td class=\"column-2\"><\/td><td class=\"column-3\"><strong>1041<\/strong><\/td><td class=\"column-4\">ERROUISSI SANA<\/td><td class=\"column-5\">Direction R\u00e9gionale de l Emploi et des Affaires Sociales Rabat<\/td>\n<\/tr>\n<tr class=\"row-1047\">\n\t<td class=\"column-1\"><\/td><td class=\"column-2\"><\/td><td class=\"column-3\"><strong>1042<\/strong><\/td><td class=\"column-4\">JAHJOUH EL KEBIR<\/td><td class=\"column-5\">DIRECTION DU TRAVAIL<\/td>\n<\/tr>\n<tr class=\"row-1048\">\n\t<td class=\"column-1\"><\/td><td class=\"column-2\"><\/td><td class=\"column-3\"><strong>1043<\/strong><\/td><td class=\"column-4\">NAKHAL CHARIF<\/td><td class=\"column-5\">Direction R\u00e9gionale de l Emploi et des Affaires Sociales Tanger<\/td>\n<\/tr>\n<tr class=\"row-1049\">\n\t<td class=\"column-1\"><\/td><td class=\"column-2\"><\/td><td class=\"column-3\"><strong>1044<\/strong><\/td><td class=\"column-4\">TAQIF SAID<\/td><td class=\"column-5\">Direction Provinciale de l\u2019Emploi et des Aff. soc. \u00e0 la Prov. de Settat<\/td>\n<\/tr>\n<tr class=\"row-1050\">\n\t<td class=\"column-1\"><\/td><td class=\"column-2\"><\/td><td class=\"column-3\"><strong>1045<\/strong><\/td><td class=\"column-4\">ABD-RSOUL DRISS<\/td><td class=\"column-5\">Direction R\u00e9gionale de l\u2019emploi et des Affaires Sociales Tanger<\/td>\n<\/tr>\n<tr class=\"row-1051\">\n\t<td class=\"column-1\"><\/td><td class=\"column-2\"><\/td><td class=\"column-3\"><strong>1046<\/strong><\/td><td class=\"column-4\">AICHOUNI ABDELLAZIZ<\/td><td class=\"column-5\">DIRECTION DES RESSOURCES HUMAINES,BUDGET ET AFF GENERALES<\/td>\n<\/tr>\n<tr class=\"row-1052\">\n\t<td class=\"column-1\"><\/td><td class=\"column-2\"><\/td><td class=\"column-3\"><strong>1047<\/strong><\/td><td class=\"column-4\">BAIR SELMA<\/td><td class=\"column-5\">DIRECTION DU TRAVAIL<\/td>\n<\/tr>\n<tr class=\"row-1053\">\n\t<td class=\"column-1\"><\/td><td class=\"column-2\"><\/td><td class=\"column-3\"><strong>1048<\/strong><\/td><td class=\"column-4\">EL FILALI BOUBAKER<\/td><td class=\"column-5\">Direction R\u00e9gionale de l Emploi et des Affaires Sociales Laayoune<\/td>\n<\/tr>\n<tr class=\"row-1054\">\n\t<td class=\"column-1\"><\/td><td class=\"column-2\"><\/td><td class=\"column-3\"><strong>1049<\/strong><\/td><td class=\"column-4\">EL HATIB ABDELKRIM<\/td><td class=\"column-5\">Retraite RABAT<\/td>\n<\/tr>\n<tr class=\"row-1055\">\n\t<td class=\"column-1\"><\/td><td class=\"column-2\"><\/td><td class=\"column-3\"><strong>1050<\/strong><\/td><td class=\"column-4\">HANINI BADIA<\/td><td class=\"column-5\">Direction Provinciale de l Emploi et des Aff. soc. \u00e0 la Prov. de Berrechid<\/td>\n<\/tr>\n<tr class=\"row-1056\">\n\t<td class=\"column-1\"><\/td><td class=\"column-2\"><\/td><td class=\"column-3\"><strong>1051<\/strong><\/td><td class=\"column-4\">JALAL SAMIRA<\/td><td class=\"column-5\">DIRECTION DU TRAVAIL<\/td>\n<\/tr>\n<tr class=\"row-1057\">\n\t<td class=\"column-1\"><\/td><td class=\"column-2\"><\/td><td class=\"column-3\"><strong>1052<\/strong><\/td><td class=\"column-4\">OUAHBI FATIMA ZAHRA<\/td><td class=\"column-5\">DIRECTION DU TRAVAIL<\/td>\n<\/tr>\n<tr class=\"row-1058\">\n\t<td class=\"column-1\"><\/td><td class=\"column-2\"><\/td><td class=\"column-3\"><strong>1053<\/strong><\/td><td class=\"column-4\">BOUIHI SABAH<\/td><td class=\"column-5\">DIRECTION DE l Emploi<\/td>\n<\/tr>\n<tr class=\"row-1059\">\n\t<td class=\"column-1\"><\/td><td class=\"column-2\"><\/td><td class=\"column-3\"><strong>1054<\/strong><\/td><td class=\"column-4\">GHALI ABDESSALAM<\/td><td class=\"column-5\">Direction Prov. de l\u2019Emp. et des Aff. Soc. \u00e0 la Pr\u00e9fec. Arrond. SidiBernoussi<\/td>\n<\/tr>\n<tr class=\"row-1060\">\n\t<td class=\"column-1\"><\/td><td class=\"column-2\"><\/td><td class=\"column-3\"><strong>1055<\/strong><\/td><td class=\"column-4\">HACHIM ABDESSAMAD<\/td><td class=\"column-5\">Direction Prov. de l\u2019Emp. et des Aff. Soc. \u00e0 la Pr\u00e9fec. Arrond. HayHassaAinChok<\/td>\n<\/tr>\n<tr class=\"row-1061\">\n\t<td class=\"column-1\"><\/td><td class=\"column-2\"><\/td><td class=\"column-3\"><strong>1056<\/strong><\/td><td class=\"column-4\">EL BATTIOUI CHAHIN<\/td><td class=\"column-5\">Direction de la coop\u00e9ration internationale et du partenariat<\/td>\n<\/tr>\n<tr class=\"row-1062\">\n\t<td class=\"column-1\"><\/td><td class=\"column-2\"><\/td><td class=\"column-3\"><strong>1057<\/strong><\/td><td class=\"column-4\">HMAMI MERIEM<\/td><td class=\"column-5\">DIRECTION DU TRAVAIL<\/td>\n<\/tr>\n<tr class=\"row-1063\">\n\t<td class=\"column-1\"><\/td><td class=\"column-2\"><\/td><td class=\"column-3\"><strong>1058<\/strong><\/td><td class=\"column-4\">AKDIM ABDELLAH<\/td><td class=\"column-5\">Direction Provinciale de l Emploi et des Aff. soc. \u00e0 la Prov. de Taroudant<\/td>\n<\/tr>\n<tr class=\"row-1064\">\n\t<td class=\"column-1\"><\/td><td class=\"column-2\"><\/td><td class=\"column-3\"><strong>1059<\/strong><\/td><td class=\"column-4\">MEZOUARI YASSIR<\/td><td class=\"column-5\">Direction Provinciale de l Emploi et des Aff. soc. \u00e0 la Prov. de Ben Slimane<\/td>\n<\/tr>\n<tr class=\"row-1065\">\n\t<td class=\"column-1\"><\/td><td class=\"column-2\"><\/td><td class=\"column-3\"><strong>1060<\/strong><\/td><td class=\"column-4\">SAKHI NABILA<\/td><td class=\"column-5\">Direction R\u00e9gionale de l Emploi et des Affaires Sociales Agadir<\/td>\n<\/tr>\n<tr class=\"row-1066\">\n\t<td class=\"column-1\"><\/td><td class=\"column-2\"><\/td><td class=\"column-3\"><strong>1061<\/strong><\/td><td class=\"column-4\">MCHACHTOU FAYSSAL<\/td><td class=\"column-5\">Direction R\u00e9gionale de l Emploi et des Affaires Sociales Agadir<\/td>\n<\/tr>\n<tr class=\"row-1067\">\n\t<td class=\"column-1\"><\/td><td class=\"column-2\"><\/td><td class=\"column-3\"><strong>1062<\/strong><\/td><td class=\"column-4\">SNISLA ZOUHAIR<\/td><td class=\"column-5\">CASABLANCA<\/td>\n<\/tr>\n<\/tbody>\n<\/table>\n<!-- #tablepress-23 from cache -->\n\n\n<p><\/p>\n\n\n\n<p><\/p>\n","protected":false},"excerpt":{"rendered":"<p>\u064a\u0633\u0639\u062f \u0645\u0643\u062a\u0628 \u0627\u0644\u062c\u0645\u0639\u064a\u0629 \u0623\u0646 \u064a\u0646\u0634\u0631\u060c \u0631\u0641\u0642\u062a\u0647\u060c \u0644\u0627\u0626\u062d\u0629 \u0623\u0639\u0636\u0627\u0626\u0647\u0627 \u0627\u0644\u0645\u0633\u062a\u0648\u0641\u064a\u0646 \u0644\u0634\u0631\u0637 \u0627\u0644\u0627\u0646\u062e\u0631\u0627\u0637 \u0628\u0647\u0627 \u0639\u0646 \u0633\u0646\u0629 2026 N\u00b0ordreNom et PrenomDirection 1AASRI BASMADirection Provinciale de l Emploi et des Aff. soc. \u00e0 la Prov. de Khemisset 2ABAAZZI LAHOUCINEDirection Provinciale de l Emploi et des Aff. soc. \u00e0 la Prov. de Tiznit 3ABANAI YASSINEDIRECTION DES RESSOURCES HUMAINES,BUDGET ET AFF &hellip;<\/p>\n","protected":false},"author":2,"featured_media":4288,"comment_status":"open","ping_status":"closed","sticky":false,"template":"","format":"standard","meta":{"footnotes":""},"categories":[105],"tags":[],"class_list":["post-6902","post","type-post","status-publish","format-standard","has-post-thumbnail","","category-105"],"_links":{"self":[{"href":"https:\/\/www.aosemploi.com\/WebSite\/wp-json\/wp\/v2\/posts\/6902","targetHints":{"allow":["GET"]}}],"collection":[{"href":"https:\/\/www.aosemploi.com\/WebSite\/wp-json\/wp\/v2\/posts"}],"about":[{"href":"https:\/\/www.aosemploi.com\/WebSite\/wp-json\/wp\/v2\/types\/post"}],"author":[{"embeddable":true,"href":"https:\/\/www.aosemploi.com\/WebSite\/wp-json\/wp\/v2\/users\/2"}],"replies":[{"embeddable":true,"href":"https:\/\/www.aosemploi.com\/WebSite\/wp-json\/wp\/v2\/comments?post=6902"}],"version-history":[{"count":1,"href":"https:\/\/www.aosemploi.com\/WebSite\/wp-json\/wp\/v2\/posts\/6902\/revisions"}],"predecessor-version":[{"id":6904,"href":"https:\/\/www.aosemploi.com\/WebSite\/wp-json\/wp\/v2\/posts\/6902\/revisions\/6904"}],"wp:featuredmedia":[{"embeddable":true,"href":"https:\/\/www.aosemploi.com\/WebSite\/wp-json\/wp\/v2\/media\/4288"}],"wp:attachment":[{"href":"https:\/\/www.aosemploi.com\/WebSite\/wp-json\/wp\/v2\/media?parent=6902"}],"wp:term":[{"taxonomy":"category","embeddable":true,"href":"https:\/\/www.aosemploi.com\/WebSite\/wp-json\/wp\/v2\/categories?post=6902"},{"taxonomy":"post_tag","embeddable":true,"href":"https:\/\/www.aosemploi.com\/WebSite\/wp-json\/wp\/v2\/tags?post=6902"}],"curies":[{"name":"wp","href":"https:\/\/api.w.org\/{rel}","templated":true}]}}